{"id":228137,"date":"2025-08-29T08:06:48","date_gmt":"2025-08-29T15:06:48","guid":{"rendered":"https:\/\/rnoticias.com.mx\/Portal\/?p=228137"},"modified":"2025-08-29T08:06:48","modified_gmt":"2025-08-29T15:06:48","slug":"claudia-sheinbaum-confirma-que-el-mundial-2026-se-inaugurara-en-mexico","status":"publish","type":"post","link":"https:\/\/rnoticias.com.mx\/Portal\/2025\/08\/29\/claudia-sheinbaum-confirma-que-el-mundial-2026-se-inaugurara-en-mexico\/","title":{"rendered":"Claudia Sheinbaum confirma que el Mundial 2026 se inaugurar\u00e1 en M\u00e9xico"},"content":{"rendered":"<p>El presidente de la FIFA,\u00a0<strong>Gianni Infantino,\u00a0<\/strong>entreg\u00f3 este jueves a la presidenta de M\u00e9xico,\u00a0<strong>Claudia Sheinbaum<\/strong>, la r\u00e9plica gigante de una entrada en\u00a0<strong>primera fila al partido inaugural del Mundial 2026 en el Estadio Azteca.<\/strong><\/p>\n<p>El regalo de Infantino a Sheinbaum lleva marcado el asiento n\u00famero uno para el<strong>\u00a0partido que se jugar\u00e1 el 11 de junio de 2026 en la capital mexicana.\u00a0<\/strong><\/p>\n<p>Sheinbaum e Infantino se citaron hoy en el Palacio Nacional y durante la reuni\u00f3n posaron sonrientes mientras sosten\u00edan el trofeo mundialista.<\/p>\n<p><strong>\u201cM\u00e9xico vivir\u00e1 un momento extraordinario. Tendr\u00e1 el orgullo de ser sede de la inauguraci\u00f3n en el Estadio Azteca el pr\u00f3ximo 11 de junio de 2026\u201d,<\/strong>\u00a0dice la publicaci\u00f3n.<\/p>\n<p>Adem\u00e1s, record\u00f3 que las tres metr\u00f3polis:\u00a0<strong>Ciudad de M\u00e9xico (5), Guadalajara (4) y Monterrey (4) ser\u00e1n las sedes que albergar\u00e1n un total 13 partidos del Mundial.<\/strong><\/p>\n<p>M\u00e9xico ser\u00e1 el primer pa\u00eds en la historia que organiza tres ediciones del Mundial con las de 1970 y 1986.<\/p>\n<p>La Copa de 2026 ser\u00e1 adem\u00e1s la m\u00e1s grande de la historia, con 48 selecciones, 104 partidos y tres naciones anfitrionas.<\/p>\n<p>De acuerdo con c\u00e1lculos presentados por la Federaci\u00f3n Mexicana de F\u00fatbol (<strong>FMF), el torneo generar\u00e1 en M\u00e9xico alrededor de 3.000 millones de d\u00f3lares.<\/strong><\/p>\n<p>En el sector tur\u00edstico se esperan ingresos por m\u00e1s de 1.000 millones de d\u00f3lares, derivados de los 5,5 millones de visitantes que llegar\u00e1n al pa\u00eds.<\/p>\n<p>Adem\u00e1s,\u00a0<strong>la FMF anticipa la creaci\u00f3n de 24.000 empleos y la inversi\u00f3n de unos 200 millones de d\u00f3lares en mejoras de estadios.<\/strong><\/p>\n<p>Fuente: EFE<\/p>\n","protected":false},"excerpt":{"rendered":"<p>El presidente de la FIFA,\u00a0Gianni Infantino,\u00a0entreg\u00f3 este jueves a la presidenta de M\u00e9xico,\u00a0Claudia Sheinbaum, la r\u00e9plica gigante de una entrada en\u00a0primera fila al partido inaugural del Mundial 2026 en el Estadio Azteca. El regalo de Infantino a Sheinbaum lleva marcado el asiento n\u00famero uno para el\u00a0partido que se jugar\u00e1 el 11 de junio de 2026 [&hellip;]<\/p>\n","protected":false},"author":2,"featured_media":228138,"comment_status":"closed","ping_status":"closed","sticky":false,"template":"","format":"standard","meta":{"footnotes":""},"categories":[188,12870],"tags":[5231,12865],"class_list":["post-228137","post","type-post","status-publish","format-standard","has-post-thumbnail","hentry","category-deportes","category-destacadas","tag-deportes","tag-destacadas"],"jetpack_featured_media_url":"https:\/\/rnoticias.com.mx\/Portal\/wp-content\/uploads\/2025\/08\/Sheinbaum-3.jpg","amp_enabled":true,"_links":{"self":[{"href":"https:\/\/rnoticias.com.mx\/Portal\/wp-json\/wp\/v2\/posts\/228137","targetHints":{"allow":["GET"]}}],"collection":[{"href":"https:\/\/rnoticias.com.mx\/Portal\/wp-json\/wp\/v2\/posts"}],"about":[{"href":"https:\/\/rnoticias.com.mx\/Portal\/wp-json\/wp\/v2\/types\/post"}],"author":[{"embeddable":true,"href":"https:\/\/rnoticias.com.mx\/Portal\/wp-json\/wp\/v2\/users\/2"}],"replies":[{"embeddable":true,"href":"https:\/\/rnoticias.com.mx\/Portal\/wp-json\/wp\/v2\/comments?post=228137"}],"version-history":[{"count":1,"href":"https:\/\/rnoticias.com.mx\/Portal\/wp-json\/wp\/v2\/posts\/228137\/revisions"}],"predecessor-version":[{"id":228139,"href":"https:\/\/rnoticias.com.mx\/Portal\/wp-json\/wp\/v2\/posts\/228137\/revisions\/228139"}],"wp:featuredmedia":[{"embeddable":true,"href":"https:\/\/rnoticias.com.mx\/Portal\/wp-json\/wp\/v2\/media\/228138"}],"wp:attachment":[{"href":"https:\/\/rnoticias.com.mx\/Portal\/wp-json\/wp\/v2\/media?parent=228137"}],"wp:term":[{"taxonomy":"category","embeddable":true,"href":"https:\/\/rnoticias.com.mx\/Portal\/wp-json\/wp\/v2\/categories?post=228137"},{"taxonomy":"post_tag","embeddable":true,"href":"https:\/\/rnoticias.com.mx\/Portal\/wp-json\/wp\/v2\/tags?post=228137"}],"curies":[{"name":"wp","href":"https:\/\/api.w.org\/{rel}","templated":true}]}}