{"id":228124,"date":"2025-08-28T20:07:06","date_gmt":"2025-08-29T03:07:06","guid":{"rendered":"https:\/\/rnoticias.com.mx\/Portal\/?p=228124"},"modified":"2025-08-28T20:07:06","modified_gmt":"2025-08-29T03:07:06","slug":"arranca-gobernador-durazo-modernizacion-de-aeropuerto-de-guaymas-para-potenciar-inversion-turismo-y-comercio","status":"publish","type":"post","link":"https:\/\/rnoticias.com.mx\/Portal\/2025\/08\/28\/arranca-gobernador-durazo-modernizacion-de-aeropuerto-de-guaymas-para-potenciar-inversion-turismo-y-comercio\/","title":{"rendered":"Arranca Gobernador Durazo modernizaci\u00f3n de Aeropuerto de Guaymas para potenciar inversi\u00f3n, turismo y comercio"},"content":{"rendered":"<p align=\"left\">Guaymas, Sonora; 28 de agosto de 2025.- Un paso estrat\u00e9gico para atraer m\u00e1s visitantes, generar nuevas oportunidades de inversi\u00f3n y contribuir al desarrollo tur\u00edstico y econ\u00f3mico del estado, consolid\u00f3 el gobernador Alfonso Durazo Monta\u00f1o con el banderazo de inicio de obras de infraestructura del Aeropuerto Internacional de Guaymas &#8211; General Jos\u00e9 Mar\u00eda Y\u00e1\u00f1ez, proyecto que representa una inversi\u00f3n de 449 millones de pesos.<\/p>\n<p align=\"left\">Junto al director General de Grupo Aeroportuario Marina (GAM), Almirante Juan Jos\u00e9 Padilla Olmos, el mandatario sonorense puso en marcha las obras de ampliaci\u00f3n y rehabilitaci\u00f3n de pista, plataforma y de calles de rodaje, con 270 millones de pesos; la construcci\u00f3n de la Torre de Control, para la que se destinaron 85 millones de pesos; y otras obras complementarias del aeropuerto en las que se invirtieron 94 millones de pesos.<\/p>\n<p align=\"left\">&#8220;Yo quisiera que vieran el aeropuerto de Guaymas como parte de un ecosistema log\u00edstico que se est\u00e1 construyendo junto con la modernizaci\u00f3n del puerto, la construcci\u00f3n de la carretera de Guaymas-Chihuahua y la ampliaci\u00f3n y modernizaci\u00f3n de Ciudad Obreg\u00f3n&#8221;, sostuvo el gobernador Durazo Monta\u00f1o.<\/p>\n<p align=\"left\">Las obras que habr\u00e1n de concluir en 2026, responden al creciente movimiento de pasajeros nacionales e internacionales y buscan garantizar la seguridad operativa, brindar mejores servicios y elevar la calidad, asegurando una instalaci\u00f3n aeroportuaria m\u00e1s segura, eficiente y confortable para viajeros y aerol\u00edneas.<\/p>\n<p align=\"left\">El proyecto contempla una ampliaci\u00f3n de 245 metros de la pista, la rehabilitaci\u00f3n de la plataforma y calles de rodaje. Adem\u00e1s, se llevar\u00e1 a cabo el mantenimiento de la infraestructura existente y el equipamiento integral de las instalaciones, como el edificio terminal, la unidad Salvamento y Extinci\u00f3n de Incendios (SEI), subestaci\u00f3n y edificios auxiliares.<\/p>\n","protected":false},"excerpt":{"rendered":"<p>Guaymas, Sonora; 28 de agosto de 2025.- Un paso estrat\u00e9gico para atraer m\u00e1s visitantes, generar nuevas oportunidades de inversi\u00f3n y contribuir al desarrollo tur\u00edstico y econ\u00f3mico del estado, consolid\u00f3 el gobernador Alfonso Durazo Monta\u00f1o con el banderazo de inicio de obras de infraestructura del Aeropuerto Internacional de Guaymas &#8211; General Jos\u00e9 Mar\u00eda Y\u00e1\u00f1ez, proyecto que [&hellip;]<\/p>\n","protected":false},"author":2,"featured_media":228125,"comment_status":"closed","ping_status":"closed","sticky":false,"template":"","format":"standard","meta":{"footnotes":""},"categories":[12870,174],"tags":[12865,12873],"class_list":["post-228124","post","type-post","status-publish","format-standard","has-post-thumbnail","hentry","category-destacadas","category-estatal","tag-destacadas","tag-estatal"],"jetpack_featured_media_url":"https:\/\/rnoticias.com.mx\/Portal\/wp-content\/uploads\/2025\/08\/unnamed-2-16.jpg","amp_enabled":true,"_links":{"self":[{"href":"https:\/\/rnoticias.com.mx\/Portal\/wp-json\/wp\/v2\/posts\/228124","targetHints":{"allow":["GET"]}}],"collection":[{"href":"https:\/\/rnoticias.com.mx\/Portal\/wp-json\/wp\/v2\/posts"}],"about":[{"href":"https:\/\/rnoticias.com.mx\/Portal\/wp-json\/wp\/v2\/types\/post"}],"author":[{"embeddable":true,"href":"https:\/\/rnoticias.com.mx\/Portal\/wp-json\/wp\/v2\/users\/2"}],"replies":[{"embeddable":true,"href":"https:\/\/rnoticias.com.mx\/Portal\/wp-json\/wp\/v2\/comments?post=228124"}],"version-history":[{"count":1,"href":"https:\/\/rnoticias.com.mx\/Portal\/wp-json\/wp\/v2\/posts\/228124\/revisions"}],"predecessor-version":[{"id":228126,"href":"https:\/\/rnoticias.com.mx\/Portal\/wp-json\/wp\/v2\/posts\/228124\/revisions\/228126"}],"wp:featuredmedia":[{"embeddable":true,"href":"https:\/\/rnoticias.com.mx\/Portal\/wp-json\/wp\/v2\/media\/228125"}],"wp:attachment":[{"href":"https:\/\/rnoticias.com.mx\/Portal\/wp-json\/wp\/v2\/media?parent=228124"}],"wp:term":[{"taxonomy":"category","embeddable":true,"href":"https:\/\/rnoticias.com.mx\/Portal\/wp-json\/wp\/v2\/categories?post=228124"},{"taxonomy":"post_tag","embeddable":true,"href":"https:\/\/rnoticias.com.mx\/Portal\/wp-json\/wp\/v2\/tags?post=228124"}],"curies":[{"name":"wp","href":"https:\/\/api.w.org\/{rel}","templated":true}]}}