{"id":228118,"date":"2025-08-28T20:04:13","date_gmt":"2025-08-29T03:04:13","guid":{"rendered":"https:\/\/rnoticias.com.mx\/Portal\/?p=228118"},"modified":"2025-08-28T20:04:13","modified_gmt":"2025-08-29T03:04:13","slug":"celebra-gobierno-de-sonora-el-dia-de-las-personas-adultas-mayores-isaam","status":"publish","type":"post","link":"https:\/\/rnoticias.com.mx\/Portal\/2025\/08\/28\/celebra-gobierno-de-sonora-el-dia-de-las-personas-adultas-mayores-isaam\/","title":{"rendered":"Celebra Gobierno de Sonora el D\u00eda de las Personas Adultas Mayores: ISAAM"},"content":{"rendered":"<p>Hermosillo, Sonora; 28 de agosto de 2025.- El Gobierno de Sonora, a trav\u00e9s del Instituto Sonorense para la Atenci\u00f3n de los Adultos Mayores (ISAAM), celebr\u00f3 el D\u00eda Nacional de las Personas Adultas Mayores con diversas actividades orientadas a reconocer su esfuerzo, trabajo y sabidur\u00eda, adem\u00e1s de generar conciencia sobre la importancia de que vivan en condiciones de autonom\u00eda, salud, seguridad y dignidad.<\/p>\n<p>En Sonora, seg\u00fan la Encuesta Nacional de Ocupaci\u00f3n y Empleo (ENOE) del cuarto trimestre de 2024 de INEGI, se estim\u00f3 un total de 459 mil personas de 60 a\u00f1os y m\u00e1s, lo que representa el 15 por ciento de la poblaci\u00f3n total del estado. Este crecimiento refleja los cambios en la estructura demogr\u00e1fica y la necesidad de impulsar pol\u00edticas p\u00fablicas que garanticen una vejez digna.<\/p>\n<p>El ISAAM brinda atenci\u00f3n integral a las personas mayores de 60 a\u00f1os mediante programas y servicios que promueven el bienestar, la autonom\u00eda, la independencia y el pleno ejercicio de sus derechos.<\/p>\n<p>En el marco de esta conmemoraci\u00f3n, se lleva a cabo la Semana de las Personas Adultas Mayores, del 25 al 29 de agosto, en los Centros de Desarrollo para Adultos Mayores (CEDAM) de Hermosillo, Cajeme y Agua Prieta.<\/p>\n<p>Durante estas jornadas se ofrecen servicios gratuitos como toma de signos vitales, detecci\u00f3n de enfermedades odontol\u00f3gicas, actividades cognitivas, corte de cabello, barber\u00eda, aplicaci\u00f3n de tintes, gelish, maquillaje y masajes. Adem\u00e1s, se brind\u00f3 atenci\u00f3n en tr\u00e1mites de servicios de agua, Registro Civil y pl\u00e1ticas informativas sobre diversos temas de inter\u00e9s.<\/p>\n<p>Las y los asistentes tambi\u00e9n disfrutan de presentaciones culturales y art\u00edsticas, as\u00ed como de exposiciones de trabajos realizados por personas adultas mayores. Estas actividades se llevaron a cabo en coordinaci\u00f3n con instituciones como Icatson, DIF Sonora, Registro Civil, Organismo de Limpia Descentralizado de Agua Prieta, Cecosama, Fundaci\u00f3n Piel con Vida, IFCPE, entre otras.<\/p>\n<p>La titular del Instituto, Cedna Maviael J\u00e1quez Ortega, destac\u00f3 la valiosa contribuci\u00f3n de las personas adultas mayores a la sociedad y subray\u00f3 la importancia de promover el respeto a sus derechos.<\/p>\n<p>\u201cSiguiendo los compromisos del gobernador Alfonso Durazo, celebramos y honramos a quienes han dedicado su vida a construir y enriquecer la nuestra. Su legado y sabidur\u00eda son fundamentales para el presente y el futuro de Sonora\u201d, expres\u00f3.<\/p>\n","protected":false},"excerpt":{"rendered":"<p>Hermosillo, Sonora; 28 de agosto de 2025.- El Gobierno de Sonora, a trav\u00e9s del Instituto Sonorense para la Atenci\u00f3n de los Adultos Mayores (ISAAM), celebr\u00f3 el D\u00eda Nacional de las Personas Adultas Mayores con diversas actividades orientadas a reconocer su esfuerzo, trabajo y sabidur\u00eda, adem\u00e1s de generar conciencia sobre la importancia de que vivan en [&hellip;]<\/p>\n","protected":false},"author":2,"featured_media":228119,"comment_status":"closed","ping_status":"closed","sticky":false,"template":"","format":"standard","meta":{"footnotes":""},"categories":[12870,178],"tags":[12865,12869],"class_list":["post-228118","post","type-post","status-publish","format-standard","has-post-thumbnail","hentry","category-destacadas","category-local","tag-destacadas","tag-local"],"jetpack_featured_media_url":"https:\/\/rnoticias.com.mx\/Portal\/wp-content\/uploads\/2025\/08\/unnamed-93.jpg","amp_enabled":true,"_links":{"self":[{"href":"https:\/\/rnoticias.com.mx\/Portal\/wp-json\/wp\/v2\/posts\/228118","targetHints":{"allow":["GET"]}}],"collection":[{"href":"https:\/\/rnoticias.com.mx\/Portal\/wp-json\/wp\/v2\/posts"}],"about":[{"href":"https:\/\/rnoticias.com.mx\/Portal\/wp-json\/wp\/v2\/types\/post"}],"author":[{"embeddable":true,"href":"https:\/\/rnoticias.com.mx\/Portal\/wp-json\/wp\/v2\/users\/2"}],"replies":[{"embeddable":true,"href":"https:\/\/rnoticias.com.mx\/Portal\/wp-json\/wp\/v2\/comments?post=228118"}],"version-history":[{"count":1,"href":"https:\/\/rnoticias.com.mx\/Portal\/wp-json\/wp\/v2\/posts\/228118\/revisions"}],"predecessor-version":[{"id":228120,"href":"https:\/\/rnoticias.com.mx\/Portal\/wp-json\/wp\/v2\/posts\/228118\/revisions\/228120"}],"wp:featuredmedia":[{"embeddable":true,"href":"https:\/\/rnoticias.com.mx\/Portal\/wp-json\/wp\/v2\/media\/228119"}],"wp:attachment":[{"href":"https:\/\/rnoticias.com.mx\/Portal\/wp-json\/wp\/v2\/media?parent=228118"}],"wp:term":[{"taxonomy":"category","embeddable":true,"href":"https:\/\/rnoticias.com.mx\/Portal\/wp-json\/wp\/v2\/categories?post=228118"},{"taxonomy":"post_tag","embeddable":true,"href":"https:\/\/rnoticias.com.mx\/Portal\/wp-json\/wp\/v2\/tags?post=228118"}],"curies":[{"name":"wp","href":"https:\/\/api.w.org\/{rel}","templated":true}]}}