{"id":228103,"date":"2025-08-28T19:09:07","date_gmt":"2025-08-29T02:09:07","guid":{"rendered":"https:\/\/rnoticias.com.mx\/Portal\/?p=228103"},"modified":"2025-08-28T19:09:07","modified_gmt":"2025-08-29T02:09:07","slug":"trump-busca-limitar-estancia-de-estudiantes-y-periodistas-en-ee-uu","status":"publish","type":"post","link":"https:\/\/rnoticias.com.mx\/Portal\/2025\/08\/28\/trump-busca-limitar-estancia-de-estudiantes-y-periodistas-en-ee-uu\/","title":{"rendered":"Trump busca limitar estancia de estudiantes y periodistas en EE.UU."},"content":{"rendered":"<p>Este jueves el gobierno de Donald Trump\u00a0<strong>present\u00f3 una propuesta para limitar el m\u00e1ximo de estad\u00eda permitido en Estados Unidos a estudiantes internacionales, periodistas y visitantes de programas de intercambio cultural.<\/strong><\/p>\n<p>La nueva normativa de Trump apunta contra dos sectores considerados por el gobierno como hostiles:\u00a0<strong>los inmigrantes extranjeros (con o sin papeles) y los medios de comunicaci\u00f3n.<\/strong><\/p>\n<p>De acuerdo a un comunicado emitido por el Departamento de Seguridad Nacional (DHS, por sus siglas en ingl\u00e9s), el gobierno estadounidense anunci\u00f3 que publicar\u00e1 una norma para \u201c<strong>frenar el abuso de visas\u201d, que fija un l\u00edmite temporal a la estad\u00eda de los alumnos internacionales (titulares de la visa F) o de intercambio cultural (visa J), lo que modifica de manera dr\u00e1stica el sistema que se aplica desde 1978 en el pa\u00eds.<\/strong><\/p>\n<p>Adem\u00e1s, reducir\u00e1 el per\u00edodo de duraci\u00f3n de la visa I, de trabajo de los corresponsales internacionales, del actual de 5 a\u00f1os a solo 240 d\u00edas.<\/p>\n<p>Este ajuste implicar\u00eda que tanto estudiantes como\u00a0<strong>periodistas tendr\u00e1n que solicitar extensiones si desean permanecer m\u00e1s tiempo, lo que permitir\u00eda a las autoridades un control m\u00e1s riguroso de su estad\u00eda.<\/strong><\/p>\n<p>La propuesta estar\u00e1 abierta a comentarios p\u00fablicos durante 30 d\u00edas, un periodo en el cual organizaciones, universidades, medios de comunicaci\u00f3n y personas individuales podr\u00e1n expresar sus opiniones o preocupaciones antes de que la normativa siga su curso. Pero ya comenzaron elevarse varias voces en contra.<\/p>\n<p>El comunicado el DHS se\u00f1ala que la disposici\u00f3n \u201climitar\u00eda el tiempo que ciertos titulares de visas, incluidos los estudiantes extranjeros, pueden permanecer en los Estados Unidos, frenando as\u00ed el abuso de la visa y aumentando la capacidad del Departamento de Seguridad Nacional para examinar y supervisar adecuadamente a estas personas\u201d.<\/p>\n<p>Fuente:Clarin<\/p>\n","protected":false},"excerpt":{"rendered":"<p>Este jueves el gobierno de Donald Trump\u00a0present\u00f3 una propuesta para limitar el m\u00e1ximo de estad\u00eda permitido en Estados Unidos a estudiantes internacionales, periodistas y visitantes de programas de intercambio cultural. La nueva normativa de Trump apunta contra dos sectores considerados por el gobierno como hostiles:\u00a0los inmigrantes extranjeros (con o sin papeles) y los medios de [&hellip;]<\/p>\n","protected":false},"author":2,"featured_media":228104,"comment_status":"closed","ping_status":"closed","sticky":false,"template":"","format":"standard","meta":{"footnotes":""},"categories":[12870,182],"tags":[12865,12871],"class_list":["post-228103","post","type-post","status-publish","format-standard","has-post-thumbnail","hentry","category-destacadas","category-internacional","tag-destacadas","tag-internacional"],"jetpack_featured_media_url":"https:\/\/rnoticias.com.mx\/Portal\/wp-content\/uploads\/2025\/08\/8e4c24dd4d83a0f4770b18004f5f98c9.webp","amp_enabled":true,"_links":{"self":[{"href":"https:\/\/rnoticias.com.mx\/Portal\/wp-json\/wp\/v2\/posts\/228103","targetHints":{"allow":["GET"]}}],"collection":[{"href":"https:\/\/rnoticias.com.mx\/Portal\/wp-json\/wp\/v2\/posts"}],"about":[{"href":"https:\/\/rnoticias.com.mx\/Portal\/wp-json\/wp\/v2\/types\/post"}],"author":[{"embeddable":true,"href":"https:\/\/rnoticias.com.mx\/Portal\/wp-json\/wp\/v2\/users\/2"}],"replies":[{"embeddable":true,"href":"https:\/\/rnoticias.com.mx\/Portal\/wp-json\/wp\/v2\/comments?post=228103"}],"version-history":[{"count":1,"href":"https:\/\/rnoticias.com.mx\/Portal\/wp-json\/wp\/v2\/posts\/228103\/revisions"}],"predecessor-version":[{"id":228105,"href":"https:\/\/rnoticias.com.mx\/Portal\/wp-json\/wp\/v2\/posts\/228103\/revisions\/228105"}],"wp:featuredmedia":[{"embeddable":true,"href":"https:\/\/rnoticias.com.mx\/Portal\/wp-json\/wp\/v2\/media\/228104"}],"wp:attachment":[{"href":"https:\/\/rnoticias.com.mx\/Portal\/wp-json\/wp\/v2\/media?parent=228103"}],"wp:term":[{"taxonomy":"category","embeddable":true,"href":"https:\/\/rnoticias.com.mx\/Portal\/wp-json\/wp\/v2\/categories?post=228103"},{"taxonomy":"post_tag","embeddable":true,"href":"https:\/\/rnoticias.com.mx\/Portal\/wp-json\/wp\/v2\/tags?post=228103"}],"curies":[{"name":"wp","href":"https:\/\/api.w.org\/{rel}","templated":true}]}}