{"id":228100,"date":"2025-08-28T19:06:38","date_gmt":"2025-08-29T02:06:38","guid":{"rendered":"https:\/\/rnoticias.com.mx\/Portal\/?p=228100"},"modified":"2025-08-28T19:06:38","modified_gmt":"2025-08-29T02:06:38","slug":"alito-moreno-denuncia-a-fernandez-norona-por-amenazas-ante-la-fgr","status":"publish","type":"post","link":"https:\/\/rnoticias.com.mx\/Portal\/2025\/08\/28\/alito-moreno-denuncia-a-fernandez-norona-por-amenazas-ante-la-fgr\/","title":{"rendered":"&#8216;Alito&#8217; Moreno denuncia a Fern\u00e1ndez Noro\u00f1a por amenazas ante la FGR"},"content":{"rendered":"<p><strong>Alejandro &#8216;Alito&#8217; Moreno C\u00e1rdenas,<\/strong>\u00a0dirigente del Partido Revolucionario Institucional (PRI), present\u00f3 una denuncia ante la Fiscal\u00eda General de la Rep\u00fablica (FGR), contra Gerardo Fern\u00e1ndez Noro\u00f1a por el delito de amenazas.<\/p>\n<p>Moreno C\u00e1rdenas, inform\u00f3 de la acci\u00f3n legal a trav\u00e9s de su cuenta de X, donde calific\u00f3 al legislador petista de\u00a0<strong>&#8216;corrupto, c\u00ednico, cobarde y mentiroso&#8217;.<\/strong><\/p>\n<p>La denuncia tambi\u00e9n involucra al morenista Emiliano Gonz\u00e1lez Gonz\u00e1lez, identificado como el joven que intervino durante los empujones ocurridos en la sesi\u00f3n del pasado 27 de agosto.<\/p>\n<p><strong>&#8216;El PRI seguir\u00e1 luchando con firmeza, en defensa de la democracia y de la libertad, para exhibir a quienes abusan del poder&#8217;,<\/strong>\u00a0advirti\u00f3 &#8216;Alito&#8217; Moreno, quien sostuvo que no permitir\u00e1 que cargos p\u00fablicos se utilicen para intimidar o silenciar voces opositoras<\/p>\n<p>Asimismo, el l\u00edder tricolor subray\u00f3 que su partido har\u00e1 frente a lo que considera una embestida contra la oposici\u00f3n.<\/p>\n<p><strong>&#8216;No nos van a intimidar. Vamos de frente, con valor, con la ley en la mano y defendiendo al pueblo de M\u00e9xico&#8217;,<\/strong>\u00a0escribi\u00f3.<\/p>\n<p>Esta denuncia marca un nuevo episodio en la escalada de confrontaciones entre el PRI y los partidos que integran la mayor\u00eda en el Congreso, con un tono cada vez m\u00e1s judicializado en el marco de la disputa pol\u00edtica nacional.<\/p>\n<p>Fuente:Milenio<\/p>\n","protected":false},"excerpt":{"rendered":"<p>Alejandro &#8216;Alito&#8217; Moreno C\u00e1rdenas,\u00a0dirigente del Partido Revolucionario Institucional (PRI), present\u00f3 una denuncia ante la Fiscal\u00eda General de la Rep\u00fablica (FGR), contra Gerardo Fern\u00e1ndez Noro\u00f1a por el delito de amenazas. Moreno C\u00e1rdenas, inform\u00f3 de la acci\u00f3n legal a trav\u00e9s de su cuenta de X, donde calific\u00f3 al legislador petista de\u00a0&#8216;corrupto, c\u00ednico, cobarde y mentiroso&#8217;. La denuncia [&hellip;]<\/p>\n","protected":false},"author":2,"featured_media":228101,"comment_status":"closed","ping_status":"closed","sticky":false,"template":"","format":"standard","meta":{"footnotes":""},"categories":[12870,12868],"tags":[12865,12879],"class_list":["post-228100","post","type-post","status-publish","format-standard","has-post-thumbnail","hentry","category-destacadas","category-politica","tag-destacadas","tag-politica"],"jetpack_featured_media_url":"https:\/\/rnoticias.com.mx\/Portal\/wp-content\/uploads\/2025\/08\/alito-amenazas-norona-4t.jpg","amp_enabled":true,"_links":{"self":[{"href":"https:\/\/rnoticias.com.mx\/Portal\/wp-json\/wp\/v2\/posts\/228100","targetHints":{"allow":["GET"]}}],"collection":[{"href":"https:\/\/rnoticias.com.mx\/Portal\/wp-json\/wp\/v2\/posts"}],"about":[{"href":"https:\/\/rnoticias.com.mx\/Portal\/wp-json\/wp\/v2\/types\/post"}],"author":[{"embeddable":true,"href":"https:\/\/rnoticias.com.mx\/Portal\/wp-json\/wp\/v2\/users\/2"}],"replies":[{"embeddable":true,"href":"https:\/\/rnoticias.com.mx\/Portal\/wp-json\/wp\/v2\/comments?post=228100"}],"version-history":[{"count":1,"href":"https:\/\/rnoticias.com.mx\/Portal\/wp-json\/wp\/v2\/posts\/228100\/revisions"}],"predecessor-version":[{"id":228102,"href":"https:\/\/rnoticias.com.mx\/Portal\/wp-json\/wp\/v2\/posts\/228100\/revisions\/228102"}],"wp:featuredmedia":[{"embeddable":true,"href":"https:\/\/rnoticias.com.mx\/Portal\/wp-json\/wp\/v2\/media\/228101"}],"wp:attachment":[{"href":"https:\/\/rnoticias.com.mx\/Portal\/wp-json\/wp\/v2\/media?parent=228100"}],"wp:term":[{"taxonomy":"category","embeddable":true,"href":"https:\/\/rnoticias.com.mx\/Portal\/wp-json\/wp\/v2\/categories?post=228100"},{"taxonomy":"post_tag","embeddable":true,"href":"https:\/\/rnoticias.com.mx\/Portal\/wp-json\/wp\/v2\/tags?post=228100"}],"curies":[{"name":"wp","href":"https:\/\/api.w.org\/{rel}","templated":true}]}}