{"id":228097,"date":"2025-08-28T19:00:02","date_gmt":"2025-08-29T02:00:02","guid":{"rendered":"https:\/\/rnoticias.com.mx\/Portal\/?p=228097"},"modified":"2025-08-28T19:00:02","modified_gmt":"2025-08-29T02:00:02","slug":"sonora-estado-invitado-en-feria-del-libro-de-oaxaca","status":"publish","type":"post","link":"https:\/\/rnoticias.com.mx\/Portal\/2025\/08\/28\/sonora-estado-invitado-en-feria-del-libro-de-oaxaca\/","title":{"rendered":"Sonora, estado invitado en feria del libro de Oaxaca"},"content":{"rendered":"<p align=\"left\">Hermosillo, Sonora; 28 de agosto de 2025.- El Gobierno de Sonora, a trav\u00e9s de la Secretar\u00eda de Educaci\u00f3n y Cultura y el Instituto Sonorense de Cultura (ISC), anuncia con orgullo la participaci\u00f3n de Sonora como estado invitado en la Feria Intercultural de la Escritura y la Lectura de Oaxaca (Fielo) 2025: Primavera Literaria, que se celebrar\u00e1 del 31 de agosto al 7 de septiembre en el z\u00f3calo de la ciudad de Oaxaca de Ju\u00e1rez.<\/p>\n<p align=\"left\">La Fielo 2025 reunir\u00e1 talleres, conversatorios, presentaciones de libros en lenguas originarias y afrodescendientes, mesas redondas, performances, encuentros con editoriales y venta de libros, con el objetivo de generar un espacio de di\u00e1logo intercultural y creativo en el que la lectura y la escritura fortalezcan la diversidad, las lenguas originarias y la justicia social.<\/p>\n<p align=\"left\">La oferta cultural de Sonora incluir\u00e1 presentaciones literarias de escritores regionales, conversatorios sobre lenguas originarias, cantos y poes\u00eda en voz de sus autores, actividades de escritura creativa para ni\u00f1as y ni\u00f1os, as\u00ed como talleres de pintura facial comc\u00e1ac.<\/p>\n<p align=\"left\">Bajo el liderazgo del gobernador Alfonso Durazo Monta\u00f1o, Sonora suma ya su tercera invitaci\u00f3n para participar en ferias del libro de otros estados, alcanzando un total de diez participaciones en festivales culturales de talla internacional gestionados a trav\u00e9s del ISC. Estos logros consolidan a la entidad como un referente cultural activo, plural y comprometido con el di\u00e1logo y el intercambio creativo que enriquecen la identidad de M\u00e9xico.<\/p>\n<p align=\"left\">La agenda completa de actividades puede consultarse en\u00a0<a href=\"http:\/\/isc.sonora.edu.mx\/\" target=\"_blank\" rel=\"noopener\" data-saferedirecturl=\"https:\/\/www.google.com\/url?q=http:\/\/isc.sonora.edu.mx&amp;source=gmail&amp;ust=1756516300995000&amp;usg=AOvVaw2x09OxLEEaXMAodX-VpZRR\">isc.sonora.edu.mx<\/a>\u00a0y en redes sociales oficiales a trav\u00e9s de @iscsonora.<\/p>\n","protected":false},"excerpt":{"rendered":"<p>Hermosillo, Sonora; 28 de agosto de 2025.- El Gobierno de Sonora, a trav\u00e9s de la Secretar\u00eda de Educaci\u00f3n y Cultura y el Instituto Sonorense de Cultura (ISC), anuncia con orgullo la participaci\u00f3n de Sonora como estado invitado en la Feria Intercultural de la Escritura y la Lectura de Oaxaca (Fielo) 2025: Primavera Literaria, que se [&hellip;]<\/p>\n","protected":false},"author":2,"featured_media":228098,"comment_status":"closed","ping_status":"closed","sticky":false,"template":"","format":"standard","meta":{"footnotes":""},"categories":[12870,178],"tags":[12865,12869],"class_list":["post-228097","post","type-post","status-publish","format-standard","has-post-thumbnail","hentry","category-destacadas","category-local","tag-destacadas","tag-local"],"jetpack_featured_media_url":"https:\/\/rnoticias.com.mx\/Portal\/wp-content\/uploads\/2025\/08\/unnamed-92.jpg","amp_enabled":true,"_links":{"self":[{"href":"https:\/\/rnoticias.com.mx\/Portal\/wp-json\/wp\/v2\/posts\/228097","targetHints":{"allow":["GET"]}}],"collection":[{"href":"https:\/\/rnoticias.com.mx\/Portal\/wp-json\/wp\/v2\/posts"}],"about":[{"href":"https:\/\/rnoticias.com.mx\/Portal\/wp-json\/wp\/v2\/types\/post"}],"author":[{"embeddable":true,"href":"https:\/\/rnoticias.com.mx\/Portal\/wp-json\/wp\/v2\/users\/2"}],"replies":[{"embeddable":true,"href":"https:\/\/rnoticias.com.mx\/Portal\/wp-json\/wp\/v2\/comments?post=228097"}],"version-history":[{"count":1,"href":"https:\/\/rnoticias.com.mx\/Portal\/wp-json\/wp\/v2\/posts\/228097\/revisions"}],"predecessor-version":[{"id":228099,"href":"https:\/\/rnoticias.com.mx\/Portal\/wp-json\/wp\/v2\/posts\/228097\/revisions\/228099"}],"wp:featuredmedia":[{"embeddable":true,"href":"https:\/\/rnoticias.com.mx\/Portal\/wp-json\/wp\/v2\/media\/228098"}],"wp:attachment":[{"href":"https:\/\/rnoticias.com.mx\/Portal\/wp-json\/wp\/v2\/media?parent=228097"}],"wp:term":[{"taxonomy":"category","embeddable":true,"href":"https:\/\/rnoticias.com.mx\/Portal\/wp-json\/wp\/v2\/categories?post=228097"},{"taxonomy":"post_tag","embeddable":true,"href":"https:\/\/rnoticias.com.mx\/Portal\/wp-json\/wp\/v2\/tags?post=228097"}],"curies":[{"name":"wp","href":"https:\/\/api.w.org\/{rel}","templated":true}]}}