{"id":228081,"date":"2025-08-28T16:53:02","date_gmt":"2025-08-28T23:53:02","guid":{"rendered":"https:\/\/rnoticias.com.mx\/Portal\/?p=228081"},"modified":"2025-08-28T16:53:02","modified_gmt":"2025-08-28T23:53:02","slug":"mujeres-dedicaron-cerca-del-65-de-su-tiempo-al-trabajo-no-remunerado-inegi","status":"publish","type":"post","link":"https:\/\/rnoticias.com.mx\/Portal\/2025\/08\/28\/mujeres-dedicaron-cerca-del-65-de-su-tiempo-al-trabajo-no-remunerado-inegi\/","title":{"rendered":"Mujeres dedicaron cerca del 65% de su tiempo al trabajo no remunerado: Inegi"},"content":{"rendered":"<p>En M\u00e9xico persiste una marcada desigualdad en la distribuci\u00f3n del trabajo entre hombres y mujeres, revela la Encuesta Nacional sobre el Uso del Tiempo (ENUT) 2024 del Inegi.<\/p>\n<p>&nbsp;<\/p>\n<p>El Dr. Mauricio Rodr\u00edguez Abreu, Director General de Estad\u00edsticas Sociodemogr\u00e1ficas del Inegi, subray\u00f3 que las mujeres de 12 a\u00f1os y m\u00e1s dedican 64.8% de su tiempo semanal a labores no remuneradas, que incluyen cuidado de familiares, trabajo dom\u00e9stico y actividades comunitarias o voluntarias, adem\u00e1s de 2% en autoconsumo.<\/p>\n<p>&nbsp;<\/p>\n<p>\u201cPero cuando vemos las diferencias por sexo entre hombres y mujeres, las mujeres dedican el doble de proporci\u00f3n de tiempo a ese tipo de actividades con 66.8% al sumar el trabajo no remunerado dom\u00e9stico y de producci\u00f3n para autoconsumo\u201d, cont\u00f3.<\/p>\n<p>&nbsp;<\/p>\n<p>Precis\u00f3, que al final, esto significa que en el caso de las mujeres, solo en el 33.3% de su tiempo, lo emplean para trabajos remunerados.<\/p>\n<p>&nbsp;<\/p>\n<p>Finalmente, subray\u00f3 que las mujeres invierten el doble de tiempo que los hombres en actividades no remuneradas, lo que refleja un reto persistente para la igualdad de g\u00e9nero en el pa\u00eds.<\/p>\n","protected":false},"excerpt":{"rendered":"<p>En M\u00e9xico persiste una marcada desigualdad en la distribuci\u00f3n del trabajo entre hombres y mujeres, revela la Encuesta Nacional sobre el Uso del Tiempo (ENUT) 2024 del Inegi. &nbsp; El Dr. Mauricio Rodr\u00edguez Abreu, Director General de Estad\u00edsticas Sociodemogr\u00e1ficas del Inegi, subray\u00f3 que las mujeres de 12 a\u00f1os y m\u00e1s dedican 64.8% de su tiempo [&hellip;]<\/p>\n","protected":false},"author":2,"featured_media":228082,"comment_status":"closed","ping_status":"closed","sticky":false,"template":"","format":"standard","meta":{"footnotes":""},"categories":[12870,174],"tags":[12865,12873],"class_list":["post-228081","post","type-post","status-publish","format-standard","has-post-thumbnail","hentry","category-destacadas","category-estatal","tag-destacadas","tag-estatal"],"jetpack_featured_media_url":"https:\/\/rnoticias.com.mx\/Portal\/wp-content\/uploads\/2025\/08\/pngtree-woman-doing-cleaning-at-home-the-woman-doing-cleaning-at-home-picture-image_2083076.png","amp_enabled":true,"_links":{"self":[{"href":"https:\/\/rnoticias.com.mx\/Portal\/wp-json\/wp\/v2\/posts\/228081","targetHints":{"allow":["GET"]}}],"collection":[{"href":"https:\/\/rnoticias.com.mx\/Portal\/wp-json\/wp\/v2\/posts"}],"about":[{"href":"https:\/\/rnoticias.com.mx\/Portal\/wp-json\/wp\/v2\/types\/post"}],"author":[{"embeddable":true,"href":"https:\/\/rnoticias.com.mx\/Portal\/wp-json\/wp\/v2\/users\/2"}],"replies":[{"embeddable":true,"href":"https:\/\/rnoticias.com.mx\/Portal\/wp-json\/wp\/v2\/comments?post=228081"}],"version-history":[{"count":1,"href":"https:\/\/rnoticias.com.mx\/Portal\/wp-json\/wp\/v2\/posts\/228081\/revisions"}],"predecessor-version":[{"id":228083,"href":"https:\/\/rnoticias.com.mx\/Portal\/wp-json\/wp\/v2\/posts\/228081\/revisions\/228083"}],"wp:featuredmedia":[{"embeddable":true,"href":"https:\/\/rnoticias.com.mx\/Portal\/wp-json\/wp\/v2\/media\/228082"}],"wp:attachment":[{"href":"https:\/\/rnoticias.com.mx\/Portal\/wp-json\/wp\/v2\/media?parent=228081"}],"wp:term":[{"taxonomy":"category","embeddable":true,"href":"https:\/\/rnoticias.com.mx\/Portal\/wp-json\/wp\/v2\/categories?post=228081"},{"taxonomy":"post_tag","embeddable":true,"href":"https:\/\/rnoticias.com.mx\/Portal\/wp-json\/wp\/v2\/tags?post=228081"}],"curies":[{"name":"wp","href":"https:\/\/api.w.org\/{rel}","templated":true}]}}