{"id":228078,"date":"2025-08-28T16:51:45","date_gmt":"2025-08-28T23:51:45","guid":{"rendered":"https:\/\/rnoticias.com.mx\/Portal\/?p=228078"},"modified":"2025-08-28T16:51:45","modified_gmt":"2025-08-28T23:51:45","slug":"canacope-reporta-caida-del-15-en-ventas-por-regreso-a-clases","status":"publish","type":"post","link":"https:\/\/rnoticias.com.mx\/Portal\/2025\/08\/28\/canacope-reporta-caida-del-15-en-ventas-por-regreso-a-clases\/","title":{"rendered":"Canacope reporta ca\u00edda del 15% en ventas por regreso a clases"},"content":{"rendered":"<p>El regreso a clases 2025 no trajo el repunte esperado para los comercios de Hermosillo, se\u00f1al\u00f3 Mart\u00edn Zalazar Zazueta.<\/p>\n<p>&nbsp;<\/p>\n<p>El presidente de Canacope Hermosillo, inform\u00f3 que, de acuerdo con una encuesta realizada a 10 comerciantes del centro de la ciudad, las ventas de \u00fatiles escolares, uniformes y calzado registraron una disminuci\u00f3n del 15% en comparaci\u00f3n con a\u00f1os anteriores.<\/p>\n<p>&nbsp;<\/p>\n<p>las ventas del regreso a clases, pues no han sido lo que esper\u00e1bamos.\u00a0Ya tenemos dos a\u00f1os, este es el tercer a\u00f1o donde las ventas de los comercios que se dedican a vender \u00fatiles escolares, zapatos, uniformes, no han sido lo que esper\u00e1bamos\u201d, narr\u00f3.<\/p>\n<p>&nbsp;<\/p>\n<p>Agreg\u00f3, que esta situaci\u00f3n ha generado una acumulaci\u00f3n de inventarios entre una parte del comercio en Hermosillo y tambi\u00e9n sumarle factores como el auge de compras en plataformas digitales, el comercio informal y la pirater\u00eda han afectado a los negocios formales.<\/p>\n<p>&nbsp;<\/p>\n<p>Finalmente, dijo que para apoyar a los comerciantes, se va a realizar una feria escolar este fin de semana en el Pueblo Miguel Alem\u00e1n, de 9:00 a 17:00 horas.<\/p>\n","protected":false},"excerpt":{"rendered":"<p>El regreso a clases 2025 no trajo el repunte esperado para los comercios de Hermosillo, se\u00f1al\u00f3 Mart\u00edn Zalazar Zazueta. &nbsp; El presidente de Canacope Hermosillo, inform\u00f3 que, de acuerdo con una encuesta realizada a 10 comerciantes del centro de la ciudad, las ventas de \u00fatiles escolares, uniformes y calzado registraron una disminuci\u00f3n del 15% en [&hellip;]<\/p>\n","protected":false},"author":2,"featured_media":228079,"comment_status":"closed","ping_status":"closed","sticky":false,"template":"","format":"standard","meta":{"footnotes":""},"categories":[12870,178],"tags":[12865,12869],"class_list":["post-228078","post","type-post","status-publish","format-standard","has-post-thumbnail","hentry","category-destacadas","category-local","tag-destacadas","tag-local"],"jetpack_featured_media_url":"https:\/\/rnoticias.com.mx\/Portal\/wp-content\/uploads\/2025\/08\/f768x1-925517_925644_5050-750x375-1.webp","amp_enabled":true,"_links":{"self":[{"href":"https:\/\/rnoticias.com.mx\/Portal\/wp-json\/wp\/v2\/posts\/228078","targetHints":{"allow":["GET"]}}],"collection":[{"href":"https:\/\/rnoticias.com.mx\/Portal\/wp-json\/wp\/v2\/posts"}],"about":[{"href":"https:\/\/rnoticias.com.mx\/Portal\/wp-json\/wp\/v2\/types\/post"}],"author":[{"embeddable":true,"href":"https:\/\/rnoticias.com.mx\/Portal\/wp-json\/wp\/v2\/users\/2"}],"replies":[{"embeddable":true,"href":"https:\/\/rnoticias.com.mx\/Portal\/wp-json\/wp\/v2\/comments?post=228078"}],"version-history":[{"count":1,"href":"https:\/\/rnoticias.com.mx\/Portal\/wp-json\/wp\/v2\/posts\/228078\/revisions"}],"predecessor-version":[{"id":228080,"href":"https:\/\/rnoticias.com.mx\/Portal\/wp-json\/wp\/v2\/posts\/228078\/revisions\/228080"}],"wp:featuredmedia":[{"embeddable":true,"href":"https:\/\/rnoticias.com.mx\/Portal\/wp-json\/wp\/v2\/media\/228079"}],"wp:attachment":[{"href":"https:\/\/rnoticias.com.mx\/Portal\/wp-json\/wp\/v2\/media?parent=228078"}],"wp:term":[{"taxonomy":"category","embeddable":true,"href":"https:\/\/rnoticias.com.mx\/Portal\/wp-json\/wp\/v2\/categories?post=228078"},{"taxonomy":"post_tag","embeddable":true,"href":"https:\/\/rnoticias.com.mx\/Portal\/wp-json\/wp\/v2\/tags?post=228078"}],"curies":[{"name":"wp","href":"https:\/\/api.w.org\/{rel}","templated":true}]}}