{"id":228075,"date":"2025-08-28T16:03:56","date_gmt":"2025-08-28T23:03:56","guid":{"rendered":"https:\/\/rnoticias.com.mx\/Portal\/?p=228075"},"modified":"2025-08-28T16:03:56","modified_gmt":"2025-08-28T23:03:56","slug":"invitan-a-jornada-de-donacion-de-arboles-endemicos-en-hermosillo","status":"publish","type":"post","link":"https:\/\/rnoticias.com.mx\/Portal\/2025\/08\/28\/invitan-a-jornada-de-donacion-de-arboles-endemicos-en-hermosillo\/","title":{"rendered":"Invitan a jornada de donaci\u00f3n de \u00e1rboles end\u00e9micos en Hermosillo"},"content":{"rendered":"<p>El Centro de Capacitaci\u00f3n Ganadera de M\u00e9xico, en coordinaci\u00f3n con Patrocipes, llevar\u00e1 a cabo este viernes una jornada de donaci\u00f3n de 600 \u00e1rboles end\u00e9micos, inform\u00f3 su directora, Carmen Palacios Abechuco.<\/p>\n<p>&nbsp;<\/p>\n<p>Explic\u00f3 que la actividad forma parte del m\u00f3dulo de ecolog\u00eda y medio ambiente del centro, con el prop\u00f3sito de fomentar la conciencia ecol\u00f3gica en Sonora.<\/p>\n<p>&nbsp;<\/p>\n<p>\u201cY Calidra nos hizo una donaci\u00f3n fabulosa de \u00e1rboles, de \u00e1rboles end\u00e9micos, entonces\u00a0nosotros estamos ahorita en ese tenor de cuidar much\u00edsimo la ecolog\u00eda, de trabajar, de plantar,\u00a0fomentar este cuidado y esta conciencia ecol\u00f3gica a todos los sonorenses\u201d, declar\u00f3.<\/p>\n<p>&nbsp;<\/p>\n<p>Detall\u00f3, que los arboles end\u00e9micos que van a donar son: palo verde, parrofierro, mezquite y \u00e1rbol cuerudo, son resistentes al clima y de bajo consumo de agua.<\/p>\n<p>&nbsp;<\/p>\n<p>La entrega se realizar\u00e1 en la explanada de Patrocipes, dentro del complejo Uni\u00f3n Ganadera, en un horario de 8:00 a 15:00 horas, con un l\u00edmite de dos \u00e1rboles por persona.<\/p>\n","protected":false},"excerpt":{"rendered":"<p>El Centro de Capacitaci\u00f3n Ganadera de M\u00e9xico, en coordinaci\u00f3n con Patrocipes, llevar\u00e1 a cabo este viernes una jornada de donaci\u00f3n de 600 \u00e1rboles end\u00e9micos, inform\u00f3 su directora, Carmen Palacios Abechuco. &nbsp; Explic\u00f3 que la actividad forma parte del m\u00f3dulo de ecolog\u00eda y medio ambiente del centro, con el prop\u00f3sito de fomentar la conciencia ecol\u00f3gica en [&hellip;]<\/p>\n","protected":false},"author":2,"featured_media":228076,"comment_status":"closed","ping_status":"closed","sticky":false,"template":"","format":"standard","meta":{"footnotes":""},"categories":[12870,178],"tags":[12865,12869],"class_list":["post-228075","post","type-post","status-publish","format-standard","has-post-thumbnail","hentry","category-destacadas","category-local","tag-destacadas","tag-local"],"jetpack_featured_media_url":"https:\/\/rnoticias.com.mx\/Portal\/wp-content\/uploads\/2025\/08\/palo_de_fierro_1.jpg","amp_enabled":true,"_links":{"self":[{"href":"https:\/\/rnoticias.com.mx\/Portal\/wp-json\/wp\/v2\/posts\/228075","targetHints":{"allow":["GET"]}}],"collection":[{"href":"https:\/\/rnoticias.com.mx\/Portal\/wp-json\/wp\/v2\/posts"}],"about":[{"href":"https:\/\/rnoticias.com.mx\/Portal\/wp-json\/wp\/v2\/types\/post"}],"author":[{"embeddable":true,"href":"https:\/\/rnoticias.com.mx\/Portal\/wp-json\/wp\/v2\/users\/2"}],"replies":[{"embeddable":true,"href":"https:\/\/rnoticias.com.mx\/Portal\/wp-json\/wp\/v2\/comments?post=228075"}],"version-history":[{"count":1,"href":"https:\/\/rnoticias.com.mx\/Portal\/wp-json\/wp\/v2\/posts\/228075\/revisions"}],"predecessor-version":[{"id":228077,"href":"https:\/\/rnoticias.com.mx\/Portal\/wp-json\/wp\/v2\/posts\/228075\/revisions\/228077"}],"wp:featuredmedia":[{"embeddable":true,"href":"https:\/\/rnoticias.com.mx\/Portal\/wp-json\/wp\/v2\/media\/228076"}],"wp:attachment":[{"href":"https:\/\/rnoticias.com.mx\/Portal\/wp-json\/wp\/v2\/media?parent=228075"}],"wp:term":[{"taxonomy":"category","embeddable":true,"href":"https:\/\/rnoticias.com.mx\/Portal\/wp-json\/wp\/v2\/categories?post=228075"},{"taxonomy":"post_tag","embeddable":true,"href":"https:\/\/rnoticias.com.mx\/Portal\/wp-json\/wp\/v2\/tags?post=228075"}],"curies":[{"name":"wp","href":"https:\/\/api.w.org\/{rel}","templated":true}]}}