{"id":228072,"date":"2025-08-28T16:02:44","date_gmt":"2025-08-28T23:02:44","guid":{"rendered":"https:\/\/rnoticias.com.mx\/Portal\/?p=228072"},"modified":"2025-08-28T16:02:44","modified_gmt":"2025-08-28T23:02:44","slug":"mantiene-agua-prieta-bajo-flujo-de-migrantes-y-firmeza-economica-alcalde","status":"publish","type":"post","link":"https:\/\/rnoticias.com.mx\/Portal\/2025\/08\/28\/mantiene-agua-prieta-bajo-flujo-de-migrantes-y-firmeza-economica-alcalde\/","title":{"rendered":"Mantiene Agua Prieta bajo flujo de migrantes y firmeza econ\u00f3mica: Alcalde"},"content":{"rendered":"<p>El alcalde de Agua Prieta, Jos\u00e9 Manuel Quijada Lamadrid, asegur\u00f3 que en este municipio el flujo migratorio hacia Estados Unidos es bajo y no se registran deportaciones masivas, a diferencia de lo que ocurre en Naco o Nogales.<\/p>\n<p>&nbsp;<\/p>\n<p>Se\u00f1al\u00f3 que, esta situaci\u00f3n en la cual vive el municipio que preside, ayuda a mantener una tranquilidad social en lo general y ello tambi\u00e9n es favorable para el tema econ\u00f3mico, en especial con la operaci\u00f3n de maquiladoras que generan empleos.<\/p>\n<p>&nbsp;<\/p>\n<p>\u201cEn Agua Prieta no hay mucha migraci\u00f3n. Agua Prieta tiene mucha poblaci\u00f3n flotante, viene gente mucho del sureste, de la comunidad oaxaque\u00f1a, de Chiapas, esos son los que se han venido y cruzan para el otro lado,\u00a0pero muchos se han quedado en Agua Prieta al haber oportunidades de empleo\u201d, coment\u00f3.<\/p>\n<p>&nbsp;<\/p>\n<p>Quijada Lamadrid destac\u00f3 que la din\u00e1mica migratoria no ha generado problemas sociales de gran escala y que, al contrario, Agua Prieta se ha consolidado como un punto donde los migrantes encuentran opciones para arraigarse.<\/p>\n<p>&nbsp;<\/p>\n<p>Por otra parte, en el plano econ\u00f3mico, indic\u00f3 que las maquiladoras locales se mantienen firmes pese a la incertidumbre por los aranceles en Estados Unidos y, de hecho, algunas empresas han manifestado su inter\u00e9s en expandir operaciones en la ciudad, aprovechando los costos competitivos de producci\u00f3n en M\u00e9xico.<\/p>\n<p>&nbsp;<\/p>\n","protected":false},"excerpt":{"rendered":"<p>El alcalde de Agua Prieta, Jos\u00e9 Manuel Quijada Lamadrid, asegur\u00f3 que en este municipio el flujo migratorio hacia Estados Unidos es bajo y no se registran deportaciones masivas, a diferencia de lo que ocurre en Naco o Nogales. &nbsp; Se\u00f1al\u00f3 que, esta situaci\u00f3n en la cual vive el municipio que preside, ayuda a mantener una [&hellip;]<\/p>\n","protected":false},"author":2,"featured_media":228073,"comment_status":"closed","ping_status":"closed","sticky":false,"template":"","format":"standard","meta":{"footnotes":""},"categories":[12870,174],"tags":[12865,12873],"class_list":["post-228072","post","type-post","status-publish","format-standard","has-post-thumbnail","hentry","category-destacadas","category-estatal","tag-destacadas","tag-estatal"],"jetpack_featured_media_url":"https:\/\/rnoticias.com.mx\/Portal\/wp-content\/uploads\/2025\/08\/Imagen-de-WhatsApp-2025-02-07-a-las-08.48.42_fa3662b7.jpg","amp_enabled":true,"_links":{"self":[{"href":"https:\/\/rnoticias.com.mx\/Portal\/wp-json\/wp\/v2\/posts\/228072","targetHints":{"allow":["GET"]}}],"collection":[{"href":"https:\/\/rnoticias.com.mx\/Portal\/wp-json\/wp\/v2\/posts"}],"about":[{"href":"https:\/\/rnoticias.com.mx\/Portal\/wp-json\/wp\/v2\/types\/post"}],"author":[{"embeddable":true,"href":"https:\/\/rnoticias.com.mx\/Portal\/wp-json\/wp\/v2\/users\/2"}],"replies":[{"embeddable":true,"href":"https:\/\/rnoticias.com.mx\/Portal\/wp-json\/wp\/v2\/comments?post=228072"}],"version-history":[{"count":1,"href":"https:\/\/rnoticias.com.mx\/Portal\/wp-json\/wp\/v2\/posts\/228072\/revisions"}],"predecessor-version":[{"id":228074,"href":"https:\/\/rnoticias.com.mx\/Portal\/wp-json\/wp\/v2\/posts\/228072\/revisions\/228074"}],"wp:featuredmedia":[{"embeddable":true,"href":"https:\/\/rnoticias.com.mx\/Portal\/wp-json\/wp\/v2\/media\/228073"}],"wp:attachment":[{"href":"https:\/\/rnoticias.com.mx\/Portal\/wp-json\/wp\/v2\/media?parent=228072"}],"wp:term":[{"taxonomy":"category","embeddable":true,"href":"https:\/\/rnoticias.com.mx\/Portal\/wp-json\/wp\/v2\/categories?post=228072"},{"taxonomy":"post_tag","embeddable":true,"href":"https:\/\/rnoticias.com.mx\/Portal\/wp-json\/wp\/v2\/tags?post=228072"}],"curies":[{"name":"wp","href":"https:\/\/api.w.org\/{rel}","templated":true}]}}