{"id":228069,"date":"2025-08-28T16:00:46","date_gmt":"2025-08-28T23:00:46","guid":{"rendered":"https:\/\/rnoticias.com.mx\/Portal\/?p=228069"},"modified":"2025-08-28T16:00:46","modified_gmt":"2025-08-28T23:00:46","slug":"netflix-estrenara-documental-sobre-juan-gabriel-con-material-inedito","status":"publish","type":"post","link":"https:\/\/rnoticias.com.mx\/Portal\/2025\/08\/28\/netflix-estrenara-documental-sobre-juan-gabriel-con-material-inedito\/","title":{"rendered":"Netflix estrenar\u00e1 documental sobre Juan Gabriel con material in\u00e9dito"},"content":{"rendered":"<p>El documental\u00a0<strong>&#8216;Juan Gabriel<\/strong>:\u00a0<strong>Debo<\/strong>,\u00a0<strong>Puedo<\/strong>\u00a0<strong>y<\/strong>\u00a0<strong>Quiero&#8217;<\/strong>, que recorre la vida del hombre detr\u00e1s del\u00a0<strong>\u00edcono musical mexicano<\/strong>, llegar\u00e1 a\u00a0<strong>Netflix<\/strong>\u00a0el pr\u00f3ximo 30 de octubre con un total de cuatro cap\u00edtulos, seg\u00fan inform\u00f3 la plataforma este jueves.<\/p>\n<p>En un comunicado, la plataforma revel\u00f3 un\u00a0<strong>adelanto de la serie<\/strong>\u00a0dirigida por Mar\u00eda Jos\u00e9 Cuevas y producida por Laura Woldenberg e Ivonne Guti\u00e9rrez, el cual busca ser un &#8220;<strong>homenaje<\/strong>\u00a0que duele bonito y que revela el universo \u00edntimo de\u00a0<strong>Alberto Aguilera Valadez<\/strong>, nombre real de Juan Gabriel.<\/p>\n<p>La serie\u00a0<strong>documental<\/strong>\u00a0cuenta con\u00a0<strong>material in\u00e9dito<\/strong>\u00a0y de archivo con lo que ofrece un &#8220;acceso sin precedente a su vida p\u00fablica y privada, su sensibilidad y su inagotable pasi\u00f3n por vivir para crear&#8221;.<\/p>\n<p>A trav\u00e9s de los cuatro episodios, el documental ofrecer\u00e1 una historia &#8220;\u00edntima y reveladora&#8221; sobre Aguilera Valadez, autor de cientos de canciones, que convirti\u00f3 su dolor en himnos y rompi\u00f3 estigmas y prejuicios a lo largo de su vida. Fallecido de un infarto en agosto de 2016, a los 66 a\u00f1os, en Santa M\u00f3nica,\u00a0<strong>Estados Unidos<\/strong>, Juan Gabriel fue uno de los m\u00e1s importantes\u00a0<strong>cantantes mexicanos<\/strong>, compuso para m\u00e1s de 200 artistas y vendi\u00f3 m\u00e1s de 30 millones de discos.<img decoding=\"async\" src=\"https:\/\/platform-cdn.sharethis.com\/img\/facebook.svg\" alt=\"facebook sharing button\" \/><img decoding=\"async\" src=\"https:\/\/platform-cdn.sharethis.com\/img\/pinterest.svg\" alt=\"pinterest sharing button\" \/><img decoding=\"async\" src=\"https:\/\/platform-cdn.sharethis.com\/img\/email.svg\" alt=\"email sharing button\" \/><\/p>\n<div class=\"video-responsive vertical-video\">\n<div id=\"st-el-2\" class=\" st-video-share-buttons st-center  st-inline-share-buttons st-animated\" data-url=\"https:\/\/www.youtube.com\/embed\/B3NsMQAGMa8?si=SbtU7LT_0o16xDuW&amp;start=43\">\n<div class=\"st-btn st-last\" data-network=\"sharethis\"><img decoding=\"async\" src=\"https:\/\/platform-cdn.sharethis.com\/img\/sharethis.svg\" alt=\"sharethis sharing button\" \/><\/div>\n<\/div>\n<\/div>\n<p>Fuente: EFE<\/p>\n","protected":false},"excerpt":{"rendered":"<p>El documental\u00a0&#8216;Juan Gabriel:\u00a0Debo,\u00a0Puedo\u00a0y\u00a0Quiero&#8217;, que recorre la vida del hombre detr\u00e1s del\u00a0\u00edcono musical mexicano, llegar\u00e1 a\u00a0Netflix\u00a0el pr\u00f3ximo 30 de octubre con un total de cuatro cap\u00edtulos, seg\u00fan inform\u00f3 la plataforma este jueves. En un comunicado, la plataforma revel\u00f3 un\u00a0adelanto de la serie\u00a0dirigida por Mar\u00eda Jos\u00e9 Cuevas y producida por Laura Woldenberg e Ivonne Guti\u00e9rrez, el cual [&hellip;]<\/p>\n","protected":false},"author":2,"featured_media":228070,"comment_status":"closed","ping_status":"closed","sticky":false,"template":"","format":"standard","meta":{"footnotes":""},"categories":[12870,219],"tags":[12865,12875],"class_list":["post-228069","post","type-post","status-publish","format-standard","has-post-thumbnail","hentry","category-destacadas","category-espectaculos","tag-destacadas","tag-espectaculos"],"jetpack_featured_media_url":"https:\/\/rnoticias.com.mx\/Portal\/wp-content\/uploads\/2025\/08\/lo2-1.jpg","amp_enabled":true,"_links":{"self":[{"href":"https:\/\/rnoticias.com.mx\/Portal\/wp-json\/wp\/v2\/posts\/228069","targetHints":{"allow":["GET"]}}],"collection":[{"href":"https:\/\/rnoticias.com.mx\/Portal\/wp-json\/wp\/v2\/posts"}],"about":[{"href":"https:\/\/rnoticias.com.mx\/Portal\/wp-json\/wp\/v2\/types\/post"}],"author":[{"embeddable":true,"href":"https:\/\/rnoticias.com.mx\/Portal\/wp-json\/wp\/v2\/users\/2"}],"replies":[{"embeddable":true,"href":"https:\/\/rnoticias.com.mx\/Portal\/wp-json\/wp\/v2\/comments?post=228069"}],"version-history":[{"count":1,"href":"https:\/\/rnoticias.com.mx\/Portal\/wp-json\/wp\/v2\/posts\/228069\/revisions"}],"predecessor-version":[{"id":228071,"href":"https:\/\/rnoticias.com.mx\/Portal\/wp-json\/wp\/v2\/posts\/228069\/revisions\/228071"}],"wp:featuredmedia":[{"embeddable":true,"href":"https:\/\/rnoticias.com.mx\/Portal\/wp-json\/wp\/v2\/media\/228070"}],"wp:attachment":[{"href":"https:\/\/rnoticias.com.mx\/Portal\/wp-json\/wp\/v2\/media?parent=228069"}],"wp:term":[{"taxonomy":"category","embeddable":true,"href":"https:\/\/rnoticias.com.mx\/Portal\/wp-json\/wp\/v2\/categories?post=228069"},{"taxonomy":"post_tag","embeddable":true,"href":"https:\/\/rnoticias.com.mx\/Portal\/wp-json\/wp\/v2\/tags?post=228069"}],"curies":[{"name":"wp","href":"https:\/\/api.w.org\/{rel}","templated":true}]}}