{"id":228060,"date":"2025-08-28T15:39:06","date_gmt":"2025-08-28T22:39:06","guid":{"rendered":"https:\/\/rnoticias.com.mx\/Portal\/?p=228060"},"modified":"2025-08-28T15:39:06","modified_gmt":"2025-08-28T22:39:06","slug":"mexico-suspende-la-importacion-temporal-de-calzado-terminado","status":"publish","type":"post","link":"https:\/\/rnoticias.com.mx\/Portal\/2025\/08\/28\/mexico-suspende-la-importacion-temporal-de-calzado-terminado\/","title":{"rendered":"M\u00e9xico suspende la importaci\u00f3n temporal de calzado terminado"},"content":{"rendered":"<p>El secretario de econom\u00eda,\u00a0<strong>Marcelo Ebrard<\/strong>, anunci\u00f3 este jueves que se publicar\u00e1 un decreto que\u00a0<strong>suspende la importaci\u00f3n temporal de calzado<\/strong>\u00a0terminado que llegaba a M\u00e9xico.<\/p>\n<p>En conferencia de prensa de la presidenta\u00a0<strong>Claudia Sheinbaum<\/strong>, Ebrard dijo que dicho decreto se publicar\u00e1 este jueves 28 de agosto en el\u00a0<strong>Diario Oficial de la Federaci\u00f3n<\/strong>\u00a0(DOF), esto como parte de una iniciativa con la\u00a0<strong>C\u00e1mara Nacional de Comercio<\/strong>\u00a0a nivel nacional para fortalecer la venta de\u00a0<strong>productos mexicanos<\/strong>.<\/p>\n<p>Determin\u00f3 que con la medida, establecida por orden de Sheinbaum, ya no se puede importar calzado terminado con car\u00e1cter de temporal al pa\u00eds, ya que est\u00e1n da\u00f1ando la\u00a0<strong>industria mexicana<\/strong>.<\/p>\n<p>La suspensi\u00f3n responde a la crisis que sufr\u00edan los empresarios del pa\u00eds del sector calzado, quienes compiten con los bajos costos del producto importado, principalmente desde\u00a0<strong>China<\/strong>.<\/p>\n<p>&nbsp;<\/p>\n<p>Fuente: El Financiero<\/p>\n","protected":false},"excerpt":{"rendered":"<p>El secretario de econom\u00eda,\u00a0Marcelo Ebrard, anunci\u00f3 este jueves que se publicar\u00e1 un decreto que\u00a0suspende la importaci\u00f3n temporal de calzado\u00a0terminado que llegaba a M\u00e9xico. En conferencia de prensa de la presidenta\u00a0Claudia Sheinbaum, Ebrard dijo que dicho decreto se publicar\u00e1 este jueves 28 de agosto en el\u00a0Diario Oficial de la Federaci\u00f3n\u00a0(DOF), esto como parte de una iniciativa [&hellip;]<\/p>\n","protected":false},"author":2,"featured_media":228061,"comment_status":"closed","ping_status":"closed","sticky":false,"template":"","format":"standard","meta":{"footnotes":""},"categories":[12870,172],"tags":[12865,12874],"class_list":["post-228060","post","type-post","status-publish","format-standard","has-post-thumbnail","hentry","category-destacadas","category-nacional","tag-destacadas","tag-nacional"],"jetpack_featured_media_url":"https:\/\/rnoticias.com.mx\/Portal\/wp-content\/uploads\/2025\/08\/calzado-300x200-1.webp","amp_enabled":true,"_links":{"self":[{"href":"https:\/\/rnoticias.com.mx\/Portal\/wp-json\/wp\/v2\/posts\/228060","targetHints":{"allow":["GET"]}}],"collection":[{"href":"https:\/\/rnoticias.com.mx\/Portal\/wp-json\/wp\/v2\/posts"}],"about":[{"href":"https:\/\/rnoticias.com.mx\/Portal\/wp-json\/wp\/v2\/types\/post"}],"author":[{"embeddable":true,"href":"https:\/\/rnoticias.com.mx\/Portal\/wp-json\/wp\/v2\/users\/2"}],"replies":[{"embeddable":true,"href":"https:\/\/rnoticias.com.mx\/Portal\/wp-json\/wp\/v2\/comments?post=228060"}],"version-history":[{"count":1,"href":"https:\/\/rnoticias.com.mx\/Portal\/wp-json\/wp\/v2\/posts\/228060\/revisions"}],"predecessor-version":[{"id":228062,"href":"https:\/\/rnoticias.com.mx\/Portal\/wp-json\/wp\/v2\/posts\/228060\/revisions\/228062"}],"wp:featuredmedia":[{"embeddable":true,"href":"https:\/\/rnoticias.com.mx\/Portal\/wp-json\/wp\/v2\/media\/228061"}],"wp:attachment":[{"href":"https:\/\/rnoticias.com.mx\/Portal\/wp-json\/wp\/v2\/media?parent=228060"}],"wp:term":[{"taxonomy":"category","embeddable":true,"href":"https:\/\/rnoticias.com.mx\/Portal\/wp-json\/wp\/v2\/categories?post=228060"},{"taxonomy":"post_tag","embeddable":true,"href":"https:\/\/rnoticias.com.mx\/Portal\/wp-json\/wp\/v2\/tags?post=228060"}],"curies":[{"name":"wp","href":"https:\/\/api.w.org\/{rel}","templated":true}]}}