{"id":228054,"date":"2025-08-28T12:36:10","date_gmt":"2025-08-28T19:36:10","guid":{"rendered":"https:\/\/rnoticias.com.mx\/Portal\/?p=228054"},"modified":"2025-08-28T12:36:10","modified_gmt":"2025-08-28T19:36:10","slug":"adela-micha-rompe-el-silencio-sobre-la-entrevista-con-christian-nodal","status":"publish","type":"post","link":"https:\/\/rnoticias.com.mx\/Portal\/2025\/08\/28\/adela-micha-rompe-el-silencio-sobre-la-entrevista-con-christian-nodal\/","title":{"rendered":"Adela Micha rompe el silencio sobre la entrevista con Christian Nodal"},"content":{"rendered":"<p>La periodista y conductora mexicana<strong>\u00a0Adela Micha<\/strong>\u00a0<mark>rompi\u00f3 el silencio sobre la entrevista que sostuvo con el cantante<\/mark><strong>\u00a0Christian Nodal<\/strong><mark>, aclarando que no existe una demanda de \u00e9l hacia ella y que no cree que la haya en alg\u00fan moment<\/mark>, pues asegura que lo que el int\u00e9rprete revel\u00f3 en esa conversaci\u00f3n lo expres\u00f3 de manera deliberada y sin ning\u00fan tipo de coacci\u00f3n.<\/p>\n<p>La controversial entrevista con Nodal, publicada el pasado 13 de agosto,\u00a0<mark>caus\u00f3 gran conmoci\u00f3n entre el p\u00fablico y desat\u00f3 una ola de burlas y cr\u00edticas\u00a0<\/mark>dirigidas tanto al cantante como a su esposa,\u00a0<strong>\u00c1ngela Aguilar<\/strong>, quien fue mencionada durante la charla.<\/p>\n<p>Mientras tanto, Micha se tom\u00f3 unas semanas de descanso fuera del pa\u00eds y, ayer, a su regreso, fue captada en el aeropuerto de la Ciudad de M\u00e9xico por algunos medios de comunicaci\u00f3n, entre ellos el programa<strong>\u00a0\u201cVenga la Alegr\u00eda\u201d<\/strong>.<\/p>\n<p>Ah<mark>\u00ed, la periodista neg\u00f3 que exista alguna demanda en su contra, por haber publicado la entrevista que sostuvo con Christian, y que ha sido tan criticad<\/mark>a, debido a las declaraciones que el int\u00e9rprete de &#8220;No te contaron mal&#8221; hace en ella.<\/p>\n<p>&#8220;No creo, no s\u00e9 por qu\u00e9, si nadie lo oblig\u00f3 a hablar, \u00e9l me la dio, nadie lo oblig\u00f3 a hablar&#8221;, reiter\u00f3.<\/p>\n<p><mark>Tambi\u00e9n neg\u00f3 que, como se ha dicho en redes, Nodal haya tratado de persuadirla, con una retribuci\u00f3n econ\u00f3mica,<\/mark>\u00a0para no hacer p\u00fablica la entrevista y, sin entrar en detalles, afirm\u00f3 que ser\u00eda a trav\u00e9s de &#8220;La Saga&#8221;, su canal de YouTube, donde hablar\u00e1 m\u00e1s a fondo de los pormenores que rodearon esa charla.<\/p>\n<p>&#8220;Pero, para nada, \u00bfde d\u00f3nde sacan eso?, voy a dar mi opini\u00f3n en mi espacio en unos d\u00edas, \u00bfva?&#8221;.<\/p>\n<p>Con respecto a las aseveraciones que se han hecho en redes donde afirman que, desde el d\u00eda en que public\u00f3 la entrevista,<mark>\u00a0Nodal dej\u00f3 de seguirla en sus cuentas oficiales<\/mark>\u00a0y, posteriormente, ella habr\u00eda hecho lo propio, asegur\u00f3 que, la realidad, es que nunca se hab\u00edan seguido.<\/p>\n<p>&#8220;Nunca nos hab\u00edamos seguido antes&#8221;, precis\u00f3.<\/p>\n<p>Expres\u00f3 que, el d\u00eda de la entrevista, Nodal fue muy amable y abierto a la hora de ahondar en sus experiencias y vivencias.<\/p>\n<p>&#8220;Se dio la ocasi\u00f3n, fue una conversaci\u00f3n como muchas m\u00e1s que hago, muy amable, muy generoso con su tiempo y con su espacio&#8221;.<\/p>\n<p>Finalmente, indic\u00f3 que, cuando retome sus actividades profesionales, se dar\u00e1 a la tarea de buscar a<strong>\u00a0Cazzu<\/strong><mark><strong>\u00a0<\/strong>para extenderle la invitaci\u00f3n de presentarse en su programa<\/mark>, para que, de esa manera, cuenta su versi\u00f3n de los hechos.<\/p>\n<p>&#8220;Ahora que ya regres\u00e9, la buscar\u00e9, no la he buscado, vengo llegado de tres semanas de vacaciones&#8221;, explic\u00f3.<\/p>\n","protected":false},"excerpt":{"rendered":"<p>La periodista y conductora mexicana\u00a0Adela Micha\u00a0rompi\u00f3 el silencio sobre la entrevista que sostuvo con el cantante\u00a0Christian Nodal, aclarando que no existe una demanda de \u00e9l hacia ella y que no cree que la haya en alg\u00fan moment, pues asegura que lo que el int\u00e9rprete revel\u00f3 en esa conversaci\u00f3n lo expres\u00f3 de manera deliberada y sin [&hellip;]<\/p>\n","protected":false},"author":2,"featured_media":228055,"comment_status":"closed","ping_status":"closed","sticky":false,"template":"","format":"standard","meta":{"footnotes":""},"categories":[12870,219],"tags":[12865,12875],"class_list":["post-228054","post","type-post","status-publish","format-standard","has-post-thumbnail","hentry","category-destacadas","category-espectaculos","tag-destacadas","tag-espectaculos"],"jetpack_featured_media_url":"https:\/\/rnoticias.com.mx\/Portal\/wp-content\/uploads\/2025\/08\/Las7declaracionesmC3A1stristesdeChristianNodalensuentrevistaconAdelaMicha__.webp","amp_enabled":true,"_links":{"self":[{"href":"https:\/\/rnoticias.com.mx\/Portal\/wp-json\/wp\/v2\/posts\/228054","targetHints":{"allow":["GET"]}}],"collection":[{"href":"https:\/\/rnoticias.com.mx\/Portal\/wp-json\/wp\/v2\/posts"}],"about":[{"href":"https:\/\/rnoticias.com.mx\/Portal\/wp-json\/wp\/v2\/types\/post"}],"author":[{"embeddable":true,"href":"https:\/\/rnoticias.com.mx\/Portal\/wp-json\/wp\/v2\/users\/2"}],"replies":[{"embeddable":true,"href":"https:\/\/rnoticias.com.mx\/Portal\/wp-json\/wp\/v2\/comments?post=228054"}],"version-history":[{"count":1,"href":"https:\/\/rnoticias.com.mx\/Portal\/wp-json\/wp\/v2\/posts\/228054\/revisions"}],"predecessor-version":[{"id":228056,"href":"https:\/\/rnoticias.com.mx\/Portal\/wp-json\/wp\/v2\/posts\/228054\/revisions\/228056"}],"wp:featuredmedia":[{"embeddable":true,"href":"https:\/\/rnoticias.com.mx\/Portal\/wp-json\/wp\/v2\/media\/228055"}],"wp:attachment":[{"href":"https:\/\/rnoticias.com.mx\/Portal\/wp-json\/wp\/v2\/media?parent=228054"}],"wp:term":[{"taxonomy":"category","embeddable":true,"href":"https:\/\/rnoticias.com.mx\/Portal\/wp-json\/wp\/v2\/categories?post=228054"},{"taxonomy":"post_tag","embeddable":true,"href":"https:\/\/rnoticias.com.mx\/Portal\/wp-json\/wp\/v2\/tags?post=228054"}],"curies":[{"name":"wp","href":"https:\/\/api.w.org\/{rel}","templated":true}]}}