{"id":228045,"date":"2025-08-28T11:48:23","date_gmt":"2025-08-28T18:48:23","guid":{"rendered":"https:\/\/rnoticias.com.mx\/Portal\/?p=228045"},"modified":"2025-08-28T11:48:23","modified_gmt":"2025-08-28T18:48:23","slug":"precio-de-la-tortilla-sube-2-pesos-por-kilo-cnt","status":"publish","type":"post","link":"https:\/\/rnoticias.com.mx\/Portal\/2025\/08\/28\/precio-de-la-tortilla-sube-2-pesos-por-kilo-cnt\/","title":{"rendered":"Precio de la tortilla sube 2 pesos por kilo: CNT"},"content":{"rendered":"<p><strong>La tortilla \u2014el alimento b\u00e1sico de las familias mexicanas\u2014 registra un aumento de precio en las \u00faltimas semanas,\u00a0<\/strong>lo que tiene relaci\u00f3n con el incremento en los costos de producci\u00f3n y por la inseguridad, de acuerdo con el Consejo Nacional de la Tortilla (CNT).<\/p>\n<p>El CNT dijo que\u00a0<mark><strong>&#8220;en diversos negocios se ha detectado un incremento promedio de 2 pesos por kilo, pasando de 22 a 24 pesos, de acuerdo con un monitoreo aleatorio en distintas zonas&#8221;.<\/strong><\/mark>\u00a0El organismo indic\u00f3 que tal ajuste resulta comprensible ante el panorama de tensiones econ\u00f3micas actuales.<\/p>\n<p>Los costos de producci\u00f3n de la tortilla tienen que ver con diversos factores, insumos y pago de servicios como antiadherentes, papel grado alimenticio, gas, fletes, refacciones, sueldos, impuestos, inseguridad, agua, luz y depreciaci\u00f3n de equipos, los cuales registran aumentos que &#8220;ya no pueden ser absorbidos por la industria&#8221;.<\/p>\n<p>El Consejo Nacional de la Tortilla a\u00f1adi\u00f3 que comienzan a registrarse ajustes en los costos de las refacciones y fletes, adem\u00e1s de que hay tambi\u00e9n afectaciones por la inseguridad en diversas zonas y las reformas laborales recientes generan presiones al sector, el cual se ve obligado a ajustar precios.<\/p>\n<p>Est\u00e1 tambi\u00e9n la falta de mano de obra, que de acuerdo con el organismo tiene que ver con los programas sociales que otorgan apoyos econ\u00f3micos a la poblaci\u00f3n, lo que\u00a0<i>&#8220;provoca que muchas personas no deseen incorporarse al trabajo o exijan mayores salarios para laborar en este sector&#8221;,<\/i>\u00a0dijo.<\/p>\n<p>Respecto a la iniciativa del gobierno federal por bajar los precios de la harina y del ma\u00edz,\u00a0<strong>el CNT descart\u00f3 que los aumentos en los precios de la tortilla tengan \u00fanicamente relaci\u00f3n con el costo del ma\u00edz o de la harina,<\/strong><mark><strong>\u00a0<\/strong><\/mark>pues, asegur\u00f3 que hay otros elementos a considerar dentro del proceso productivo de la cadena de valor.<\/p>\n<p><mark><strong>En lo que va de agosto el precio promedio de la tortilla a nivel nacional est\u00e1 en los 23.70 pesos por kilo,<\/strong><\/mark>\u00a0en tortiller\u00edas de las principales ciudades del pa\u00eds, aunque en la Ciudad de M\u00e9xico y Estado de M\u00e9xico est\u00e1 en alrededor de 20 pesos por kilo; mientras que\u00a0<strong>en Reynosa y Acapulco supera los 29 pesos el kilo.<\/strong><\/p>\n","protected":false},"excerpt":{"rendered":"<p>La tortilla \u2014el alimento b\u00e1sico de las familias mexicanas\u2014 registra un aumento de precio en las \u00faltimas semanas,\u00a0lo que tiene relaci\u00f3n con el incremento en los costos de producci\u00f3n y por la inseguridad, de acuerdo con el Consejo Nacional de la Tortilla (CNT). El CNT dijo que\u00a0&#8220;en diversos negocios se ha detectado un incremento promedio [&hellip;]<\/p>\n","protected":false},"author":2,"featured_media":228046,"comment_status":"closed","ping_status":"closed","sticky":false,"template":"","format":"standard","meta":{"footnotes":""},"categories":[12870,172],"tags":[12865,12874],"class_list":["post-228045","post","type-post","status-publish","format-standard","has-post-thumbnail","hentry","category-destacadas","category-nacional","tag-destacadas","tag-nacional"],"jetpack_featured_media_url":"https:\/\/rnoticias.com.mx\/Portal\/wp-content\/uploads\/2025\/08\/a4-4_focus_0_0_1479_828.webp","amp_enabled":true,"_links":{"self":[{"href":"https:\/\/rnoticias.com.mx\/Portal\/wp-json\/wp\/v2\/posts\/228045","targetHints":{"allow":["GET"]}}],"collection":[{"href":"https:\/\/rnoticias.com.mx\/Portal\/wp-json\/wp\/v2\/posts"}],"about":[{"href":"https:\/\/rnoticias.com.mx\/Portal\/wp-json\/wp\/v2\/types\/post"}],"author":[{"embeddable":true,"href":"https:\/\/rnoticias.com.mx\/Portal\/wp-json\/wp\/v2\/users\/2"}],"replies":[{"embeddable":true,"href":"https:\/\/rnoticias.com.mx\/Portal\/wp-json\/wp\/v2\/comments?post=228045"}],"version-history":[{"count":1,"href":"https:\/\/rnoticias.com.mx\/Portal\/wp-json\/wp\/v2\/posts\/228045\/revisions"}],"predecessor-version":[{"id":228047,"href":"https:\/\/rnoticias.com.mx\/Portal\/wp-json\/wp\/v2\/posts\/228045\/revisions\/228047"}],"wp:featuredmedia":[{"embeddable":true,"href":"https:\/\/rnoticias.com.mx\/Portal\/wp-json\/wp\/v2\/media\/228046"}],"wp:attachment":[{"href":"https:\/\/rnoticias.com.mx\/Portal\/wp-json\/wp\/v2\/media?parent=228045"}],"wp:term":[{"taxonomy":"category","embeddable":true,"href":"https:\/\/rnoticias.com.mx\/Portal\/wp-json\/wp\/v2\/categories?post=228045"},{"taxonomy":"post_tag","embeddable":true,"href":"https:\/\/rnoticias.com.mx\/Portal\/wp-json\/wp\/v2\/tags?post=228045"}],"curies":[{"name":"wp","href":"https:\/\/api.w.org\/{rel}","templated":true}]}}