{"id":228042,"date":"2025-08-28T11:44:49","date_gmt":"2025-08-28T18:44:49","guid":{"rendered":"https:\/\/rnoticias.com.mx\/Portal\/?p=228042"},"modified":"2025-08-28T11:44:49","modified_gmt":"2025-08-28T18:44:49","slug":"claudia-sheinbaum-llama-autoritaria-la-actitud-de-alito-moreno-tras-pleito-en-el-senado","status":"publish","type":"post","link":"https:\/\/rnoticias.com.mx\/Portal\/2025\/08\/28\/claudia-sheinbaum-llama-autoritaria-la-actitud-de-alito-moreno-tras-pleito-en-el-senado\/","title":{"rendered":"Claudia Sheinbaum llama &#8220;autoritaria&#8221; la actitud de &#8220;Alito&#8221; Moreno tras pleito en el Senado"},"content":{"rendered":"<p>El d\u00eda de ayer por la tarde,\u00a0<strong>Alejandro &#8220;Alito&#8221; Moreno C\u00e1rdenas, presidente del Partido Revolucionario Institucional (PRI), agredi\u00f3 f\u00edsicamente al presidente del Senado, Gerardo Fern\u00e1ndez Noro\u00f1a<\/strong>.<\/p>\n<p>Despu\u00e9s de que se llev\u00f3 a cabo la sesi\u00f3n, en donde la orden del d\u00eda incluy\u00f3\u00a0<strong>desacreditar que M\u00e9xico buscar\u00eda la intervenci\u00f3n militar de Estados Unidos para combatir a los c\u00e1rteles del crimen organizado en nuestro pa\u00eds<\/strong>, Alito Moreno sali\u00f3 de su curul y de dirigi\u00f3 directamente hacia donde se encontraba Noro\u00f1a.<\/p>\n<p>El presidente del PRI aleg\u00f3 durante el himno nacional con el edil de la permanente, alegando notablemente molesto que no se le dio la palabra durante toda la sesi\u00f3n.<\/p>\n<p><mark><strong>Cuando Noro\u00f1a se dispon\u00eda a salir del estrado, Alito Moreno tom\u00f3 bruscamente su brazo y comenzaron un breve forcejeo donde sali\u00f3 lesionado uno de los trabajadores del Senado.<\/strong><\/mark><\/p>\n<p>Acerca de esta agresi\u00f3n por parte del presidente del PRI, esta ma\u00f1ana desde Palacio Nacional,\u00a0<strong>la Presidenta Claudia Sheinbaum reprob\u00f3 la actitud del edil y de Carlos Eduardo, tambi\u00e9n integrante del partido y quien tuvo tambi\u00e9n un papel importante en este evento medi\u00e1tico al atacar f\u00edsicamente a Fern\u00e1ndez Noro\u00f1a cuando se retiraba de la tribuna.<\/strong><\/p>\n<p>&#8220;<mark>Lo que ocurri\u00f3 ayer pues muestra, la verdad, lo que es el PRIAN (PRI y PAN) [&#8230;] f\u00edjense la contradicci\u00f3n: ellos hablan de que nosotros [Morena] somos un gobierno autoritario, cuando lo que promovemos son las libertades en nuestro pa\u00eds, la democracia, la participaci\u00f3n de la gente [&#8230;] \u00bfNo les parece muy autoritaria la actitud de ayer del presidente del PRI y de sus diputados? Son el PRIAN, no se nos olvide, entonces, lo que pas\u00f3 ayer, pues muestra lo que son<\/mark>.<\/p>\n<p>&#8220;<mark>Un autoritarismo enorme y pues la resoluci\u00f3n a golpes de lo que podr\u00eda haberse dialogado. [..] Es muy lamentable que haya ocurrido esto [&#8230;] claramente cuando uno ve el video se ve de d\u00f3nde viene la agresi\u00f3n [&#8230;] es importante que se conozca qui\u00e9nes son, su actitud, por qu\u00e9 tanto odio<\/mark>&#8220;, asever\u00f3 la Mandataria.<\/p>\n<p>Acerca del la posibilidad de desaforar Alito Moreno, la Presidenta omiti\u00f3 hablar del tema asegurando que lo importante es que el pueblo mexicano conozca el comportamiento de &#8220;<mark>mucha hipocres\u00eda en sus palabras y sus hechos<\/mark>&#8221; por parte de las y los integrantes de la oposici\u00f3n.<\/p>\n","protected":false},"excerpt":{"rendered":"<p>El d\u00eda de ayer por la tarde,\u00a0Alejandro &#8220;Alito&#8221; Moreno C\u00e1rdenas, presidente del Partido Revolucionario Institucional (PRI), agredi\u00f3 f\u00edsicamente al presidente del Senado, Gerardo Fern\u00e1ndez Noro\u00f1a. Despu\u00e9s de que se llev\u00f3 a cabo la sesi\u00f3n, en donde la orden del d\u00eda incluy\u00f3\u00a0desacreditar que M\u00e9xico buscar\u00eda la intervenci\u00f3n militar de Estados Unidos para combatir a los c\u00e1rteles [&hellip;]<\/p>\n","protected":false},"author":2,"featured_media":228043,"comment_status":"closed","ping_status":"closed","sticky":false,"template":"","format":"standard","meta":{"footnotes":""},"categories":[12870,12868],"tags":[12865,12879],"class_list":["post-228042","post","type-post","status-publish","format-standard","has-post-thumbnail","hentry","category-destacadas","category-politica","tag-destacadas","tag-politica"],"jetpack_featured_media_url":"https:\/\/rnoticias.com.mx\/Portal\/wp-content\/uploads\/2025\/08\/claudia-sheinbaum-califica-a-alito-como-porro-pelea-con-norona-muestra-lo-que-es-el-prian-ced05c45-focus-0-0-1479-828.webp","amp_enabled":true,"_links":{"self":[{"href":"https:\/\/rnoticias.com.mx\/Portal\/wp-json\/wp\/v2\/posts\/228042","targetHints":{"allow":["GET"]}}],"collection":[{"href":"https:\/\/rnoticias.com.mx\/Portal\/wp-json\/wp\/v2\/posts"}],"about":[{"href":"https:\/\/rnoticias.com.mx\/Portal\/wp-json\/wp\/v2\/types\/post"}],"author":[{"embeddable":true,"href":"https:\/\/rnoticias.com.mx\/Portal\/wp-json\/wp\/v2\/users\/2"}],"replies":[{"embeddable":true,"href":"https:\/\/rnoticias.com.mx\/Portal\/wp-json\/wp\/v2\/comments?post=228042"}],"version-history":[{"count":1,"href":"https:\/\/rnoticias.com.mx\/Portal\/wp-json\/wp\/v2\/posts\/228042\/revisions"}],"predecessor-version":[{"id":228044,"href":"https:\/\/rnoticias.com.mx\/Portal\/wp-json\/wp\/v2\/posts\/228042\/revisions\/228044"}],"wp:featuredmedia":[{"embeddable":true,"href":"https:\/\/rnoticias.com.mx\/Portal\/wp-json\/wp\/v2\/media\/228043"}],"wp:attachment":[{"href":"https:\/\/rnoticias.com.mx\/Portal\/wp-json\/wp\/v2\/media?parent=228042"}],"wp:term":[{"taxonomy":"category","embeddable":true,"href":"https:\/\/rnoticias.com.mx\/Portal\/wp-json\/wp\/v2\/categories?post=228042"},{"taxonomy":"post_tag","embeddable":true,"href":"https:\/\/rnoticias.com.mx\/Portal\/wp-json\/wp\/v2\/tags?post=228042"}],"curies":[{"name":"wp","href":"https:\/\/api.w.org\/{rel}","templated":true}]}}