{"id":228039,"date":"2025-08-28T11:42:14","date_gmt":"2025-08-28T18:42:14","guid":{"rendered":"https:\/\/rnoticias.com.mx\/Portal\/?p=228039"},"modified":"2025-08-28T11:42:14","modified_gmt":"2025-08-28T18:42:14","slug":"ariana-grande-confirma-gira-mundial","status":"publish","type":"post","link":"https:\/\/rnoticias.com.mx\/Portal\/2025\/08\/28\/ariana-grande-confirma-gira-mundial\/","title":{"rendered":"Ariana Grande confirma Gira Mundial"},"content":{"rendered":"<p>Este jueves, la cantante estadounidense Ariana Grande confirm\u00f3 su Gira Mundial para el 2026, la cual llegar\u00e1 luego de siete a\u00f1os desde su \u00faltimo tour, efectuado en el 2019.<\/p>\n<p><mark><strong>A trav\u00e9s de sus redes sociales, la int\u00e9rprete de &#8220;We can\u2019t be Friends&#8221; comparti\u00f3 las primeras fechas de su regreso a los escenarios, con las que recorrer\u00e1 Norteam\u00e9rica y contar\u00e1 con cinco paradas en Londres.<\/strong><\/mark><\/p>\n<div class=\"div-pos-2\"><\/div>\n<p>Su gira se centrar\u00e1 en el s\u00e9ptimo \u00e1lbum de su carrera, titulado\u00a0<strong>&#8220;Eternal Sunshine&#8221;<\/strong>, un disco conceptual que hace referencia a la cinta\u00a0<strong>&#8220;Eternal Sunshine of a Spotless Mind&#8221;<\/strong>\u00a0(2004), del director Michel Dondy. En \u00e9l, la cantante reflexiona sobre las relaciones amorosas, enfoc\u00e1ndose en el crecimiento personal a trav\u00e9s del dolor de una ruptura, tras el final de su matrimonio con el agente inmobiliario Dalton Gomez.<\/p>\n<p><mark><strong>Hasta ahora se han confirmado 27 conciertos, el primero de ellos el pr\u00f3ximo 6 de junio en la ciudad de Oakland, en California.<\/strong><\/mark>\u00a0La gira pasar\u00e1 por otras ciudades como Los \u00c1ngeles, Boston, Brooklyn o Chicago, para luego saltar a Londres, donde actuar\u00e1 el 15, 16, 19, 20 y 23 de agosto.<\/p>\n<p><strong>Las entradas saldr\u00e1n a la venta a partir del pr\u00f3ximo 10 de septiembre.<\/strong><\/p>\n<p>En su \u00faltima gira, Ariana promocion\u00f3 los \u00e1lbumes &#8216;Sweetener&#8217; y &#8216;Thank U, Next&#8217;. Posteriormente, se centr\u00f3 en su carrera como actriz al interpretar a Glinda en el exitoso musical de fantas\u00eda &#8220;Wicked&#8221;, papel que le vali\u00f3 una nominaci\u00f3n a los Premios Oscar en la categor\u00eda de Mejor Actriz de Reparto. La segunda entrega del filme llegar\u00e1 a cines el pr\u00f3ximo 21 de noviembre.<\/p>\n<h2>Fechas oficiales de &#8220;the eternal sunshine tour&#8221;<\/h2>\n<p>Oakland, CA \u2013 Oakland Arena \u2013 6 y 9 de junio<\/p>\n<div class=\"div-pos-7\"><\/div>\n<p>Los \u00c1ngeles, CA \u2013 Crypto.com Arena \u2013 13 y 14 de junio<\/p>\n<p>Los \u00c1ngeles, CA \u2013 Kia Forum \u2013 17 y 19 de junio<\/p>\n<p>Austin, TX \u2013 Moody Center \u2013 24 y 26 de junio<\/p>\n<p>Sunrise, FL \u2013 Amerant Bank Arena \u2013 30 de junio y 2 de julio<\/p>\n<p>Atlanta, GA \u2013 State Farm Arena \u2013 6 y 8 de julio<\/p>\n<p>Brooklyn, NY \u2013 Barclays Center \u2013 12, 13, 16 y 18 de julio<\/p>\n<p>Boston, MA \u2013 TD Garden \u2013 22 y 24 de julio<\/p>\n<p>Montreal, QC \u2013 Bell Centre \u2013 28 y 30 de julio<\/p>\n<p>Chicago, IL \u2013 United Center \u2013 3 y 5 de agosto<\/p>\n<p>Londres, UK \u2013 The O2 Arena \u2013 15, 16, 19, 20 y 23 de agosto<\/p>\n<p>&nbsp;<\/p>\n<h3>\u00bfQu\u00e9 hay de Latinoam\u00e9rica?<\/h3>\n<p>El anuncio de la nueva gira contempla \u00fanicamente a algunas ciudades de Estados Unidos y a Londres. Sin embargo, este es el primer adelanto de &#8220;the eternal sunshine tour&#8221;, por lo que los fans de otras locaciones del mundo, como M\u00e9xico y Latinoam\u00e9rica, no pierden la esperanza de que fechas para sus ciudades sean lanzadas pr\u00f3ximamente.<\/p>\n<p><i>Con informaci\u00f3n de EFE<\/i><\/p>\n","protected":false},"excerpt":{"rendered":"<p>Este jueves, la cantante estadounidense Ariana Grande confirm\u00f3 su Gira Mundial para el 2026, la cual llegar\u00e1 luego de siete a\u00f1os desde su \u00faltimo tour, efectuado en el 2019. A trav\u00e9s de sus redes sociales, la int\u00e9rprete de &#8220;We can\u2019t be Friends&#8221; comparti\u00f3 las primeras fechas de su regreso a los escenarios, con las que [&hellip;]<\/p>\n","protected":false},"author":2,"featured_media":228040,"comment_status":"closed","ping_status":"closed","sticky":false,"template":"","format":"standard","meta":{"footnotes":""},"categories":[12870,219],"tags":[12865,12875],"class_list":["post-228039","post","type-post","status-publish","format-standard","has-post-thumbnail","hentry","category-destacadas","category-espectaculos","tag-destacadas","tag-espectaculos"],"jetpack_featured_media_url":"https:\/\/rnoticias.com.mx\/Portal\/wp-content\/uploads\/2025\/08\/Ariana-Grande-en-Mexico.webp","amp_enabled":true,"_links":{"self":[{"href":"https:\/\/rnoticias.com.mx\/Portal\/wp-json\/wp\/v2\/posts\/228039","targetHints":{"allow":["GET"]}}],"collection":[{"href":"https:\/\/rnoticias.com.mx\/Portal\/wp-json\/wp\/v2\/posts"}],"about":[{"href":"https:\/\/rnoticias.com.mx\/Portal\/wp-json\/wp\/v2\/types\/post"}],"author":[{"embeddable":true,"href":"https:\/\/rnoticias.com.mx\/Portal\/wp-json\/wp\/v2\/users\/2"}],"replies":[{"embeddable":true,"href":"https:\/\/rnoticias.com.mx\/Portal\/wp-json\/wp\/v2\/comments?post=228039"}],"version-history":[{"count":1,"href":"https:\/\/rnoticias.com.mx\/Portal\/wp-json\/wp\/v2\/posts\/228039\/revisions"}],"predecessor-version":[{"id":228041,"href":"https:\/\/rnoticias.com.mx\/Portal\/wp-json\/wp\/v2\/posts\/228039\/revisions\/228041"}],"wp:featuredmedia":[{"embeddable":true,"href":"https:\/\/rnoticias.com.mx\/Portal\/wp-json\/wp\/v2\/media\/228040"}],"wp:attachment":[{"href":"https:\/\/rnoticias.com.mx\/Portal\/wp-json\/wp\/v2\/media?parent=228039"}],"wp:term":[{"taxonomy":"category","embeddable":true,"href":"https:\/\/rnoticias.com.mx\/Portal\/wp-json\/wp\/v2\/categories?post=228039"},{"taxonomy":"post_tag","embeddable":true,"href":"https:\/\/rnoticias.com.mx\/Portal\/wp-json\/wp\/v2\/tags?post=228039"}],"curies":[{"name":"wp","href":"https:\/\/api.w.org\/{rel}","templated":true}]}}