{"id":228011,"date":"2025-08-28T09:20:17","date_gmt":"2025-08-28T16:20:17","guid":{"rendered":"https:\/\/rnoticias.com.mx\/Portal\/?p=228011"},"modified":"2025-08-28T09:20:17","modified_gmt":"2025-08-28T16:20:17","slug":"mal-estado-de-carreteras-federales-atenta-contra-seguridad-de-usuarios-y-competitividad-cmic","status":"publish","type":"post","link":"https:\/\/rnoticias.com.mx\/Portal\/2025\/08\/28\/mal-estado-de-carreteras-federales-atenta-contra-seguridad-de-usuarios-y-competitividad-cmic\/","title":{"rendered":"Mal estado de carreteras federales atenta contra seguridad de usuarios y competitividad: CMIC"},"content":{"rendered":"<p>Guadalajara, Jal. El mal estado en que se encuentran los\u00a0<b>2,196 kil\u00f3metros de carreteras federales en Jalisco<\/b>\u00a0por falta de presupuesto de la Federaci\u00f3n, atenta contra la seguridad de los usuarios y contra la competitividad del estado, expres\u00f3 a\u00a0<i>El Economista<\/i>, el presidente de la C\u00e1mara Mexicana de la Industria de la Construcci\u00f3n (<b>CMIC<\/b>), Juan Manuel Ch\u00e1vez.<\/p>\n<p>&#8220;Como lo se\u00f1alamos el a\u00f1o pasado, el presupuesto es muy poco para esta cantidad de kil\u00f3metros que son responsabilidad del gobierno federal a trav\u00e9s de la SICT (Secretar\u00eda de Infraestructura, Comunicaciones y Transportes), y de alguna manera se est\u00e1 atentando contra la seguridad de los usuarios y tambi\u00e9n contra el crecimiento y la competitividad del estado por el traslado de productos&#8221;, subray\u00f3 el dirigente de la c\u00fapula constructora en la entidad.<\/p>\n<div class=\"mediastream-player-paragraph\"><\/div>\n<p>Ch\u00e1vez Ochoa reiter\u00f3 la urgencia de que el gobierno federal etiquete recursos suficientes en el presupuesto del pr\u00f3ximo a\u00f1o para la reparaci\u00f3n de las carreteras federales que, a\u00f1adi\u00f3, est\u00e1n provocando incluso, un incremento en los costos para el sector productivo &#8220;por la ineficiencia log\u00edstica&#8221;.<\/p>\n<h2>En riesgo la vida de los jaliscienses<\/h2>\n<p>Por su parte, el gobernador Pablo Lemus, destac\u00f3 que mientras el gobierno de Jalisco renovar\u00e1 4,562 kil\u00f3metros de carreteras de la red estatal, la delegada de la SICT anunci\u00f3 la renovaci\u00f3n de apenas 50 kil\u00f3metros de la red federal.<\/p>\n<p>&#8220;\u00bfC\u00f3mo que el gobierno federal va a arreglar 50 kil\u00f3metros de carreteras en Jalisco?, est\u00e1 de risa; vamos a hacer nosotros 100 veces m\u00e1s de carreteras que el gobierno federal en Jalisco. Las carreteras federales est\u00e1n abandonadas, llenas de baches, ya no se pueden transitar&#8221;, expres\u00f3 el mandatario jalisciense.<\/p>\n<p>Refiri\u00f3 que hace tres semanas, cuando regresaba de acompa\u00f1ar a la presidenta Claudia Sheinbaum durante su visita a Tlajomulco de Z\u00fa\u00f1iga, recibi\u00f3 una llamada de la gobernadora de Aguascalientes, Tere Jim\u00e9nez, quien le inform\u00f3 del accidente carretero que cobr\u00f3 la vida del hijo del exgobernador de esa entidad y su novia.<\/p>\n<p>&#8220;\u00bfY saben por qu\u00e9?, por las p\u00e9simas condiciones de la carretera federal. Yo he ido a tocar todas las puertas del gobierno federal para insistir en ello y nadie ha hecho caso, y se est\u00e1 poniendo en riesgo la vida de las y los jaliscienses y de quienes transitan por las carreteras federales y no tenemos eco&#8221;, subray\u00f3 Lemus Navarro.<\/p>\n<div class=\"c-detail__group\"><\/div>\n<h2>Llama a ejercer presi\u00f3n<\/h2>\n<p>En el marco de la Asamblea de la Fundaci\u00f3n GDL 500, enfocada en impulsar proyectos de\u00a0<b>movilidad<\/b>\u00a0y\u00a0<b>mejoramiento<\/b>\u00a0<b>urbano<\/b>, el mandatario jalisciense pidi\u00f3 el apoyo de esa asociaci\u00f3n civil para exigir a la Federaci\u00f3n presupuesto para la reconstrucci\u00f3n de la red carretera federal.<\/p>\n<p>&#8220;Que nos hablen de 50 kil\u00f3metros, y que va a venir un equipo en noviembre a bachearlas; las carreteras de Jalisco no est\u00e1n para bachearlas, est\u00e1n para reconstruirlas, porque durante siete a\u00f1os no se les ha metido un centavo; necesitamos que la sociedad presione y sepa distinguir una carretera federal de una estatal&#8221;; enfatiz\u00f3 Lemus.<\/p>\n<p>De acuerdo con el presidente de\u00a0<b>CMIC<\/b>\u00a0<b>Jalisco<\/b>, mencion\u00f3 que el a\u00f1o pasado, el gobierno federal anunci\u00f3 el programa &#8220;<b>Bachet\u00f3n<\/b>&#8221; con un presupuesto de 12,000 millones de pesos para bachear las carreteras de todo el pa\u00eds, pero seg\u00fan estudios de la C\u00e1mara de la Construcci\u00f3n, &#8220;esos 12,000 millones de pesos son los necesarios para reconstruir la red federal (en Jalisco), porque ya no son suficientes los trabajos de conservaci\u00f3n o mantenimiento&#8221;.<\/p>\n<p>En contraste, a\u00f1adi\u00f3, el gobierno de Jalisco destinar\u00e1 una bolsa de 24,000 millones de pesos en la recuperaci\u00f3n de los 4,600 kil\u00f3metros de la red carretera estatal.<\/p>\n<p>&nbsp;<\/p>\n<p>Fuente: El Economista<\/p>\n","protected":false},"excerpt":{"rendered":"<p>Guadalajara, Jal. El mal estado en que se encuentran los\u00a02,196 kil\u00f3metros de carreteras federales en Jalisco\u00a0por falta de presupuesto de la Federaci\u00f3n, atenta contra la seguridad de los usuarios y contra la competitividad del estado, expres\u00f3 a\u00a0El Economista, el presidente de la C\u00e1mara Mexicana de la Industria de la Construcci\u00f3n (CMIC), Juan Manuel Ch\u00e1vez. &#8220;Como [&hellip;]<\/p>\n","protected":false},"author":2,"featured_media":228012,"comment_status":"closed","ping_status":"closed","sticky":false,"template":"","format":"standard","meta":{"footnotes":""},"categories":[12870,172],"tags":[12865,12874],"class_list":["post-228011","post","type-post","status-publish","format-standard","has-post-thumbnail","hentry","category-destacadas","category-nacional","tag-destacadas","tag-nacional"],"jetpack_featured_media_url":"https:\/\/rnoticias.com.mx\/Portal\/wp-content\/uploads\/2025\/08\/Dos-de-cada-tres-kilometros-de-carretera-en-Mexico-estan-en-mal-estado_-CMIC-Nacional.jpg","amp_enabled":true,"_links":{"self":[{"href":"https:\/\/rnoticias.com.mx\/Portal\/wp-json\/wp\/v2\/posts\/228011","targetHints":{"allow":["GET"]}}],"collection":[{"href":"https:\/\/rnoticias.com.mx\/Portal\/wp-json\/wp\/v2\/posts"}],"about":[{"href":"https:\/\/rnoticias.com.mx\/Portal\/wp-json\/wp\/v2\/types\/post"}],"author":[{"embeddable":true,"href":"https:\/\/rnoticias.com.mx\/Portal\/wp-json\/wp\/v2\/users\/2"}],"replies":[{"embeddable":true,"href":"https:\/\/rnoticias.com.mx\/Portal\/wp-json\/wp\/v2\/comments?post=228011"}],"version-history":[{"count":1,"href":"https:\/\/rnoticias.com.mx\/Portal\/wp-json\/wp\/v2\/posts\/228011\/revisions"}],"predecessor-version":[{"id":228013,"href":"https:\/\/rnoticias.com.mx\/Portal\/wp-json\/wp\/v2\/posts\/228011\/revisions\/228013"}],"wp:featuredmedia":[{"embeddable":true,"href":"https:\/\/rnoticias.com.mx\/Portal\/wp-json\/wp\/v2\/media\/228012"}],"wp:attachment":[{"href":"https:\/\/rnoticias.com.mx\/Portal\/wp-json\/wp\/v2\/media?parent=228011"}],"wp:term":[{"taxonomy":"category","embeddable":true,"href":"https:\/\/rnoticias.com.mx\/Portal\/wp-json\/wp\/v2\/categories?post=228011"},{"taxonomy":"post_tag","embeddable":true,"href":"https:\/\/rnoticias.com.mx\/Portal\/wp-json\/wp\/v2\/tags?post=228011"}],"curies":[{"name":"wp","href":"https:\/\/api.w.org\/{rel}","templated":true}]}}