{"id":228008,"date":"2025-08-28T08:55:14","date_gmt":"2025-08-28T15:55:14","guid":{"rendered":"https:\/\/rnoticias.com.mx\/Portal\/?p=228008"},"modified":"2025-08-28T08:55:14","modified_gmt":"2025-08-28T15:55:14","slug":"vinculados-a-proceso-dos-sujetos-por-el-delito-de-homicidio-en-grado-de-tentativa-lesiones-y-danos-en-hermosillo","status":"publish","type":"post","link":"https:\/\/rnoticias.com.mx\/Portal\/2025\/08\/28\/vinculados-a-proceso-dos-sujetos-por-el-delito-de-homicidio-en-grado-de-tentativa-lesiones-y-danos-en-hermosillo\/","title":{"rendered":"Vinculados a proceso dos sujetos por el delito de homicidio en grado de tentativa, lesiones y da\u00f1os en Hermosillo"},"content":{"rendered":"<p>Hermosillo, Sonora, 28 de agosto de 2025.- La Fiscal\u00eda General de Justicia del Estado de Sonora (FGJES) informa que se obtuvo la vinculaci\u00f3n a proceso de Jes\u00fas Daniel \u201cN\u201d, de 39 a\u00f1os, y Jorge Eleazar \u201cN\u201d, de 43 a\u00f1os, se\u00f1alados como probables responsables de los delitos de lesiones calificadas con ventaja en n\u00famero de dos, da\u00f1os y homicidio calificado con ventaja en grado de tentativa por lo que el Juez determin\u00f3 imponer la medida cautelar de prisi\u00f3n preventiva justificada para ambos.<\/p>\n<p>Los hechos ocurrieron el 19 de julio de 2023, aproximadamente entre las 18:00 y 19:00 horas, en un domicilio ubicado en la calle Desemboque, entre Sierra Maycoba y Sierra de las Pintas, de la colonia Solidaridad, en Hermosillo, Sonora.<\/p>\n<p>Seg\u00fan las investigaciones, las v\u00edctimas Carlos Alberto \u201cN\u201d, de 33 a\u00f1os, y Marco Antonio \u201cN\u201d, de 32 a\u00f1os, arribaron al lugar a bordo de un veh\u00edculo Honda Civic, color gris, modelo 2016; al llegar, fueron interceptados por los imputados, quienes, junto con otras tres personas, bajaron a Carlos Alberto \u201cN\u201d del veh\u00edculo y comenzaron a golpearlo.<\/p>\n<p>El imputado Jorge Eleazar \u201cN\u201d utiliz\u00f3 un bat para golpear a Carlos Alberto \u201cN\u201d en la cabeza, ocasion\u00e1ndole lesiones graves cuya recuperaci\u00f3n tard\u00f3 m\u00e1s de quince d\u00edas; posteriormente, Marco Antonio \u201cN\u201d intent\u00f3 auxiliar a su hermano, pero tambi\u00e9n fue agredido por los imputados, quienes le causaron lesiones diversas.<\/p>\n<p>Adem\u00e1s, aproximadamente a las 19:25 horas, otra v\u00edctima, Mario Alonso \u201cN\u201d, se encontraba sobre la v\u00eda p\u00fablica cuando el imputado Jes\u00fas Daniel \u201cN\u201d intent\u00f3 atropellarlo y provoc\u00f3 da\u00f1os al veh\u00edculo de la v\u00edctima al utilizar una piedra para romper el cristal trasero y la cubierta de la bandeja trasera.<\/p>\n<p>Tras su captura, los sujetos fueron puestos ante el Juez Oral Penal en audiencia inicial, siendo que, en dicha audiencia, la Fiscal\u00eda present\u00f3 datos de prueba contundentes, logrando la vinculaci\u00f3n a proceso de los imputados, as\u00ed como la imposici\u00f3n de la prisi\u00f3n preventiva justificada como medida cautelar.<\/p>\n<p>La FGJES refrenda el compromiso con la procuraci\u00f3n de justicia, la protecci\u00f3n integral de las v\u00edctimas y el combate a conductas delictivas que afectan la seguridad p\u00fablica, se trabaja ahora para lograr en las siguientes etapas del proceso una sentencia condenatoria.<\/p>\n","protected":false},"excerpt":{"rendered":"<p>Hermosillo, Sonora, 28 de agosto de 2025.- La Fiscal\u00eda General de Justicia del Estado de Sonora (FGJES) informa que se obtuvo la vinculaci\u00f3n a proceso de Jes\u00fas Daniel \u201cN\u201d, de 39 a\u00f1os, y Jorge Eleazar \u201cN\u201d, de 43 a\u00f1os, se\u00f1alados como probables responsables de los delitos de lesiones calificadas con ventaja en n\u00famero de dos, [&hellip;]<\/p>\n","protected":false},"author":2,"featured_media":228009,"comment_status":"closed","ping_status":"closed","sticky":false,"template":"","format":"standard","meta":{"footnotes":""},"categories":[12870,178],"tags":[12865,12869],"class_list":["post-228008","post","type-post","status-publish","format-standard","has-post-thumbnail","hentry","category-destacadas","category-local","tag-destacadas","tag-local"],"jetpack_featured_media_url":"https:\/\/rnoticias.com.mx\/Portal\/wp-content\/uploads\/2025\/08\/112.jpg","amp_enabled":true,"_links":{"self":[{"href":"https:\/\/rnoticias.com.mx\/Portal\/wp-json\/wp\/v2\/posts\/228008","targetHints":{"allow":["GET"]}}],"collection":[{"href":"https:\/\/rnoticias.com.mx\/Portal\/wp-json\/wp\/v2\/posts"}],"about":[{"href":"https:\/\/rnoticias.com.mx\/Portal\/wp-json\/wp\/v2\/types\/post"}],"author":[{"embeddable":true,"href":"https:\/\/rnoticias.com.mx\/Portal\/wp-json\/wp\/v2\/users\/2"}],"replies":[{"embeddable":true,"href":"https:\/\/rnoticias.com.mx\/Portal\/wp-json\/wp\/v2\/comments?post=228008"}],"version-history":[{"count":1,"href":"https:\/\/rnoticias.com.mx\/Portal\/wp-json\/wp\/v2\/posts\/228008\/revisions"}],"predecessor-version":[{"id":228010,"href":"https:\/\/rnoticias.com.mx\/Portal\/wp-json\/wp\/v2\/posts\/228008\/revisions\/228010"}],"wp:featuredmedia":[{"embeddable":true,"href":"https:\/\/rnoticias.com.mx\/Portal\/wp-json\/wp\/v2\/media\/228009"}],"wp:attachment":[{"href":"https:\/\/rnoticias.com.mx\/Portal\/wp-json\/wp\/v2\/media?parent=228008"}],"wp:term":[{"taxonomy":"category","embeddable":true,"href":"https:\/\/rnoticias.com.mx\/Portal\/wp-json\/wp\/v2\/categories?post=228008"},{"taxonomy":"post_tag","embeddable":true,"href":"https:\/\/rnoticias.com.mx\/Portal\/wp-json\/wp\/v2\/tags?post=228008"}],"curies":[{"name":"wp","href":"https:\/\/api.w.org\/{rel}","templated":true}]}}