{"id":228002,"date":"2025-08-28T08:51:47","date_gmt":"2025-08-28T15:51:47","guid":{"rendered":"https:\/\/rnoticias.com.mx\/Portal\/?p=228002"},"modified":"2025-08-28T08:51:47","modified_gmt":"2025-08-28T15:51:47","slug":"unen-voluntades-gobierno-de-sonora-y-unison-para-prevenir-la-violencia-familiar-y-de-genero","status":"publish","type":"post","link":"https:\/\/rnoticias.com.mx\/Portal\/2025\/08\/28\/unen-voluntades-gobierno-de-sonora-y-unison-para-prevenir-la-violencia-familiar-y-de-genero\/","title":{"rendered":"Unen voluntades Gobierno de Sonora y Unison para prevenir la violencia familiar y de g\u00e9nero"},"content":{"rendered":"<p>Hermosillo, Sonora; 28 de agosto de 2025.- Con el trabajo coordinado entre el Gobierno de Sonora y la Universidad de Sonora (Unison), se informa a las y los estudiantes de la m\u00e1xima casa de estudios sobre c\u00f3mo identificar la violencia familiar y de g\u00e9nero, as\u00ed como los mecanismos para solicitar ayuda.<\/p>\n<p>A trav\u00e9s del Sistema de Atenci\u00f3n a la Violencia Familiar y de G\u00e9nero (SALVA) de la Secretar\u00eda de Seguridad P\u00fablica (SSP), se realiza un trabajo preventivo que tiene como prop\u00f3sito informar a la juventud universitaria sobre qu\u00e9 hacer en caso de estar en una situaci\u00f3n de riesgo o peligro.<\/p>\n<p>Personal del Sistema SALVA participa todos los mi\u00e9rcoles en el programa de la Unison M\u00f3dulos Itinerantes de Salud Estudiantil, que recorre los diferentes departamentos del alma m\u00e1ter para difundir programas orientados a prevenir y atender el delito de violencia.<\/p>\n<p>SALVA comparte con las y los estudiantes informaci\u00f3n sobre:<\/p>\n<p>\u2022 Violent\u00f3metro, herramienta gr\u00e1fica donde se representan de forma progresiva las conductas violentas, desde las m\u00e1s sutiles hasta las m\u00e1s extremas.<\/p>\n<p>\u2022 Atenci\u00f3n en la l\u00ednea 9-1-1 y en el 089 de denuncia an\u00f3nima.<\/p>\n<p>\u2022 Descarga de la aplicaci\u00f3n Mujeres Seguras.<\/p>\n<p>\u2022 Zonas SALVA, lugares seguros (comercios, oficinas, museos, instituciones p\u00fablicas y privadas) identificados en su exterior, donde se puede solicitar resguardo en caso de peligro.<\/p>\n","protected":false},"excerpt":{"rendered":"<p>Hermosillo, Sonora; 28 de agosto de 2025.- Con el trabajo coordinado entre el Gobierno de Sonora y la Universidad de Sonora (Unison), se informa a las y los estudiantes de la m\u00e1xima casa de estudios sobre c\u00f3mo identificar la violencia familiar y de g\u00e9nero, as\u00ed como los mecanismos para solicitar ayuda. A trav\u00e9s del Sistema [&hellip;]<\/p>\n","protected":false},"author":2,"featured_media":228003,"comment_status":"closed","ping_status":"closed","sticky":false,"template":"","format":"standard","meta":{"footnotes":""},"categories":[178],"tags":[12869],"class_list":["post-228002","post","type-post","status-publish","format-standard","has-post-thumbnail","hentry","category-local","tag-local"],"jetpack_featured_media_url":"https:\/\/rnoticias.com.mx\/Portal\/wp-content\/uploads\/2025\/08\/52.jpg","amp_enabled":true,"_links":{"self":[{"href":"https:\/\/rnoticias.com.mx\/Portal\/wp-json\/wp\/v2\/posts\/228002","targetHints":{"allow":["GET"]}}],"collection":[{"href":"https:\/\/rnoticias.com.mx\/Portal\/wp-json\/wp\/v2\/posts"}],"about":[{"href":"https:\/\/rnoticias.com.mx\/Portal\/wp-json\/wp\/v2\/types\/post"}],"author":[{"embeddable":true,"href":"https:\/\/rnoticias.com.mx\/Portal\/wp-json\/wp\/v2\/users\/2"}],"replies":[{"embeddable":true,"href":"https:\/\/rnoticias.com.mx\/Portal\/wp-json\/wp\/v2\/comments?post=228002"}],"version-history":[{"count":1,"href":"https:\/\/rnoticias.com.mx\/Portal\/wp-json\/wp\/v2\/posts\/228002\/revisions"}],"predecessor-version":[{"id":228004,"href":"https:\/\/rnoticias.com.mx\/Portal\/wp-json\/wp\/v2\/posts\/228002\/revisions\/228004"}],"wp:featuredmedia":[{"embeddable":true,"href":"https:\/\/rnoticias.com.mx\/Portal\/wp-json\/wp\/v2\/media\/228003"}],"wp:attachment":[{"href":"https:\/\/rnoticias.com.mx\/Portal\/wp-json\/wp\/v2\/media?parent=228002"}],"wp:term":[{"taxonomy":"category","embeddable":true,"href":"https:\/\/rnoticias.com.mx\/Portal\/wp-json\/wp\/v2\/categories?post=228002"},{"taxonomy":"post_tag","embeddable":true,"href":"https:\/\/rnoticias.com.mx\/Portal\/wp-json\/wp\/v2\/tags?post=228002"}],"curies":[{"name":"wp","href":"https:\/\/api.w.org\/{rel}","templated":true}]}}