{"id":227999,"date":"2025-08-28T08:50:55","date_gmt":"2025-08-28T15:50:55","guid":{"rendered":"https:\/\/rnoticias.com.mx\/Portal\/?p=227999"},"modified":"2025-08-28T08:50:55","modified_gmt":"2025-08-28T15:50:55","slug":"presenta-gobierno-de-sonora-una-nutrida-cartelera-de-eventos-para-el-mes-de-septiembre-en-el-estado","status":"publish","type":"post","link":"https:\/\/rnoticias.com.mx\/Portal\/2025\/08\/28\/presenta-gobierno-de-sonora-una-nutrida-cartelera-de-eventos-para-el-mes-de-septiembre-en-el-estado\/","title":{"rendered":"Presenta Gobierno de Sonora una nutrida cartelera de eventos para el mes de septiembre en el estado"},"content":{"rendered":"<p>Hermosillo, Sonora; 28 de agosto de 2025.- Con el objetivo de fortalecer las estrategias de promoci\u00f3n tur\u00edstica que ha implementado el Gobierno de Sonora, a trav\u00e9s de la Secretar\u00eda de Econom\u00eda y Turismo (SETUR), durante el mes de septiembre se llevar\u00e1n a cabo al menos 29 eventos que proyectar\u00e1n a Sonora como un referente nacional del turismo.<\/p>\n<p>El acompa\u00f1amiento del gobernador Alfonso Durazo ha permitido descentralizar el turismo y reactivar la cadena de valor en 17 municipios como Suaqui Grande, Ban\u00e1michi, M\u00e1tape, Bacad\u00e9huachi, Bacoachi, Aconchi, Caborca, Soyopa, Altar y Navojoa, entre otros, logrando un desarrollo importante en los ingresos de las familias sonorenses.<\/p>\n<p>El secretario de Econom\u00eda y Turismo del estado, Roberto Gradillas Pineda, destac\u00f3 la importancia que tendr\u00e1 la cuarta edici\u00f3n de la Gran Carrera del Desierto al posicionar a Sonora como un destino de clase mundial para el turismo deportivo, de aventura y naturaleza, atrayendo a atletas nacionales e internacionales y manteniendo a la entidad en un lugar destacado como destino tur\u00edstico.<\/p>\n<p>\u201cTener un gobernador como el Dr. Alfonso Durazo significa contar con el apoyo de un gobierno facilitador de oportunidades e inversiones, que contribuye a fortalecer la econom\u00eda de las familias sonorenses al promover destinos tur\u00edsticos que proyectan las riquezas naturales y culturales de Sonora\u201d, detall\u00f3 Gradillas Pineda.<\/p>\n<p>Durante los \u00faltimos a\u00f1os, el turismo en Sonora ha logrado fortalecer el desarrollo econ\u00f3mico y la creaci\u00f3n de empleos directos e indirectos, posicionando al estado como un destino competitivo, seguro y con una oferta que puede disfrutarse los 12 meses del a\u00f1o.<\/p>\n","protected":false},"excerpt":{"rendered":"<p>Hermosillo, Sonora; 28 de agosto de 2025.- Con el objetivo de fortalecer las estrategias de promoci\u00f3n tur\u00edstica que ha implementado el Gobierno de Sonora, a trav\u00e9s de la Secretar\u00eda de Econom\u00eda y Turismo (SETUR), durante el mes de septiembre se llevar\u00e1n a cabo al menos 29 eventos que proyectar\u00e1n a Sonora como un referente nacional [&hellip;]<\/p>\n","protected":false},"author":2,"featured_media":228000,"comment_status":"closed","ping_status":"closed","sticky":false,"template":"","format":"standard","meta":{"footnotes":""},"categories":[178],"tags":[12869],"class_list":["post-227999","post","type-post","status-publish","format-standard","has-post-thumbnail","hentry","category-local","tag-local"],"jetpack_featured_media_url":"https:\/\/rnoticias.com.mx\/Portal\/wp-content\/uploads\/2025\/08\/896.jpg","amp_enabled":true,"_links":{"self":[{"href":"https:\/\/rnoticias.com.mx\/Portal\/wp-json\/wp\/v2\/posts\/227999","targetHints":{"allow":["GET"]}}],"collection":[{"href":"https:\/\/rnoticias.com.mx\/Portal\/wp-json\/wp\/v2\/posts"}],"about":[{"href":"https:\/\/rnoticias.com.mx\/Portal\/wp-json\/wp\/v2\/types\/post"}],"author":[{"embeddable":true,"href":"https:\/\/rnoticias.com.mx\/Portal\/wp-json\/wp\/v2\/users\/2"}],"replies":[{"embeddable":true,"href":"https:\/\/rnoticias.com.mx\/Portal\/wp-json\/wp\/v2\/comments?post=227999"}],"version-history":[{"count":1,"href":"https:\/\/rnoticias.com.mx\/Portal\/wp-json\/wp\/v2\/posts\/227999\/revisions"}],"predecessor-version":[{"id":228001,"href":"https:\/\/rnoticias.com.mx\/Portal\/wp-json\/wp\/v2\/posts\/227999\/revisions\/228001"}],"wp:featuredmedia":[{"embeddable":true,"href":"https:\/\/rnoticias.com.mx\/Portal\/wp-json\/wp\/v2\/media\/228000"}],"wp:attachment":[{"href":"https:\/\/rnoticias.com.mx\/Portal\/wp-json\/wp\/v2\/media?parent=227999"}],"wp:term":[{"taxonomy":"category","embeddable":true,"href":"https:\/\/rnoticias.com.mx\/Portal\/wp-json\/wp\/v2\/categories?post=227999"},{"taxonomy":"post_tag","embeddable":true,"href":"https:\/\/rnoticias.com.mx\/Portal\/wp-json\/wp\/v2\/tags?post=227999"}],"curies":[{"name":"wp","href":"https:\/\/api.w.org\/{rel}","templated":true}]}}