{"id":227996,"date":"2025-08-28T08:49:58","date_gmt":"2025-08-28T15:49:58","guid":{"rendered":"https:\/\/rnoticias.com.mx\/Portal\/?p=227996"},"modified":"2025-08-28T08:49:58","modified_gmt":"2025-08-28T15:49:58","slug":"mantiene-gobierno-de-sonora-estrategia-abre-el-paso-a-unidades-de-emergencia","status":"publish","type":"post","link":"https:\/\/rnoticias.com.mx\/Portal\/2025\/08\/28\/mantiene-gobierno-de-sonora-estrategia-abre-el-paso-a-unidades-de-emergencia\/","title":{"rendered":"Mantiene Gobierno de Sonora estrategia \u201cAbre el Paso\u201d a unidades de emergencia"},"content":{"rendered":"<p>Hermosillo, Sonora; 28 de agosto de 2025.- Con el fomento permanente de la estrategia \u201cAbre el Paso\u201d, el Gobierno de Sonora busca crear conciencia entre la ciudadan\u00eda sobre la importancia de orillarse de inmediato ante la presencia de una ambulancia, polic\u00eda o bomberos que se dirigen a salvar vidas.<\/p>\n<p>Desde la Secretar\u00eda de Seguridad P\u00fablica (SSP) se dise\u00f1aron mensajes con material gr\u00e1fico que evocan a la reflexi\u00f3n, empat\u00eda y educaci\u00f3n vial de las y los sonorenses al momento de escuchar el sonido de la sirena y su urgencia.<\/p>\n<p>La SSP Sonora inform\u00f3 que en la l\u00ednea 9-1-1 se han recibido un mill\u00f3n 585 mil 849 llamados de la ciudadan\u00eda en lo que va del 2025; por ello, reitera la importancia de respetar a todas aquellas unidades que se trasladan a atender una situaci\u00f3n de emergencia.<\/p>\n<p>Porque en una emergencia cada segundo cuenta, la estrategia \u201cAbre el Paso\u201d pretende impulsar el respeto y la colaboraci\u00f3n ciudadana hacia veh\u00edculos de tipo ambulancia, bomberos y patrullas, para que puedan llegar r\u00e1pidamente a su destino.<\/p>\n<p>Adicionalmente, la SSP Sonora, a trav\u00e9s del personal del Centro Estatal de Prevenci\u00f3n del Delito y Participaci\u00f3n Ciudadana, Polic\u00eda Estatal y Centro de Control, Comando, Comunicaci\u00f3n, C\u00f3mputo, Coordinaci\u00f3n e Inteligencia (C5I), mantiene Operativos de Proximidad mediante los cuales promueve el uso responsable de la l\u00ednea de emergencias 9-1-1.<\/p>\n","protected":false},"excerpt":{"rendered":"<p>Hermosillo, Sonora; 28 de agosto de 2025.- Con el fomento permanente de la estrategia \u201cAbre el Paso\u201d, el Gobierno de Sonora busca crear conciencia entre la ciudadan\u00eda sobre la importancia de orillarse de inmediato ante la presencia de una ambulancia, polic\u00eda o bomberos que se dirigen a salvar vidas. Desde la Secretar\u00eda de Seguridad P\u00fablica [&hellip;]<\/p>\n","protected":false},"author":2,"featured_media":227997,"comment_status":"closed","ping_status":"closed","sticky":false,"template":"","format":"standard","meta":{"footnotes":""},"categories":[178],"tags":[12869],"class_list":["post-227996","post","type-post","status-publish","format-standard","has-post-thumbnail","hentry","category-local","tag-local"],"jetpack_featured_media_url":"https:\/\/rnoticias.com.mx\/Portal\/wp-content\/uploads\/2025\/08\/unnamed-89.jpg","amp_enabled":true,"_links":{"self":[{"href":"https:\/\/rnoticias.com.mx\/Portal\/wp-json\/wp\/v2\/posts\/227996","targetHints":{"allow":["GET"]}}],"collection":[{"href":"https:\/\/rnoticias.com.mx\/Portal\/wp-json\/wp\/v2\/posts"}],"about":[{"href":"https:\/\/rnoticias.com.mx\/Portal\/wp-json\/wp\/v2\/types\/post"}],"author":[{"embeddable":true,"href":"https:\/\/rnoticias.com.mx\/Portal\/wp-json\/wp\/v2\/users\/2"}],"replies":[{"embeddable":true,"href":"https:\/\/rnoticias.com.mx\/Portal\/wp-json\/wp\/v2\/comments?post=227996"}],"version-history":[{"count":1,"href":"https:\/\/rnoticias.com.mx\/Portal\/wp-json\/wp\/v2\/posts\/227996\/revisions"}],"predecessor-version":[{"id":227998,"href":"https:\/\/rnoticias.com.mx\/Portal\/wp-json\/wp\/v2\/posts\/227996\/revisions\/227998"}],"wp:featuredmedia":[{"embeddable":true,"href":"https:\/\/rnoticias.com.mx\/Portal\/wp-json\/wp\/v2\/media\/227997"}],"wp:attachment":[{"href":"https:\/\/rnoticias.com.mx\/Portal\/wp-json\/wp\/v2\/media?parent=227996"}],"wp:term":[{"taxonomy":"category","embeddable":true,"href":"https:\/\/rnoticias.com.mx\/Portal\/wp-json\/wp\/v2\/categories?post=227996"},{"taxonomy":"post_tag","embeddable":true,"href":"https:\/\/rnoticias.com.mx\/Portal\/wp-json\/wp\/v2\/tags?post=227996"}],"curies":[{"name":"wp","href":"https:\/\/api.w.org\/{rel}","templated":true}]}}