{"id":227965,"date":"2025-08-27T20:09:31","date_gmt":"2025-08-28T03:09:31","guid":{"rendered":"https:\/\/rnoticias.com.mx\/Portal\/?p=227965"},"modified":"2025-08-27T20:09:31","modified_gmt":"2025-08-28T03:09:31","slug":"da-rectora-bienvenida-a-nuevas-y-nuevos-buhos-del-sur-del-estado","status":"publish","type":"post","link":"https:\/\/rnoticias.com.mx\/Portal\/2025\/08\/27\/da-rectora-bienvenida-a-nuevas-y-nuevos-buhos-del-sur-del-estado\/","title":{"rendered":"Da rectora bienvenida a nuevas y nuevos b\u00fahos del sur del estado"},"content":{"rendered":"<p>La rectora de la Universidad de Sonora, Dena Mar\u00eda Camarena G\u00f3mez, dio la bienvenida a las y los estudiantes de nuevo ingreso del sur del estado en gira de trabajo por Ciudad Obreg\u00f3n y Navojoa.<\/p>\n<p>En ceremonias breves, pero llenas de la alegr\u00eda de los j\u00f3venes, la funcionaria agradeci\u00f3 a las y los nuevos b\u00fahos su elecci\u00f3n de la Universidad de Sonora en ambos campus.<\/p>\n<p>\u201cEstoy convencida que lo hicieron despu\u00e9s de haber revisado planes de estudio, de haber visto distintas propuestas y han decidido estudiar su carrera profesional por la calidad, por los servicios, por la infraestructura que les est\u00e1 ofreciendo la Universidad de Sonora.<\/p>\n<p>\u201cPara nosotros es un compromiso seguir mejorando cada d\u00eda para brindarles mejores condiciones de estudio, mejor formaci\u00f3n profesional y tambi\u00e9n una mejor formaci\u00f3n integral\u201d, subray\u00f3 Camarena G\u00f3mez en Cajeme.<\/p>\n<p>Un d\u00eda despu\u00e9s, en Navojoa, la rectora destac\u00f3 que, por casi 46 a\u00f1os, dicho campus ha estado formando personas profesionales que contribuyen al desarrollo de su comunidad.<\/p>\n<p>\u201cEl proceso que hoy ustedes est\u00e1n iniciando va a ser decisivo no solo para su vida personal y profesional, sino para el desarrollo de su comunidad\u201d, resalt\u00f3.<\/p>\n<p>&nbsp;<\/p>\n<p><strong>Unidad Unison<\/strong><\/p>\n<p>La gira de trabajo incluy\u00f3 el banderazo de arranque en Ciudad Obreg\u00f3n de una serie de visitas a los campus por parte de los titulares de las diferentes direcciones de la universidad para recibir y atender de primera mano diferentes consultas, solicitudes y propuestas.<\/p>\n<p>Estas visitas, denominadas Unidad Unison, son espacios de di\u00e1logo, escucha activa y colaboraci\u00f3n en reuniones breves de los interesados de la comunidad universitaria con las o los representantes de las direcciones.<\/p>\n<p>En esta primera edici\u00f3n, la rectora y los titulares de las direcciones de Vinculaci\u00f3n y Extensi\u00f3n; Tecnolog\u00edas de la Informaci\u00f3n; Infraestructura y Adquisiciones, y Comunicaci\u00f3n, visitaron el Campus Cajeme y el Campus Navojoa.<\/p>\n<p>Por su parte, las direcciones de Apoyo a Estudiantes, Recursos Humanos, Servicios Escolares, Apoyo a Programas Educativos, y Programas Estrat\u00e9gicos y Proyecci\u00f3n Universitaria, atendieron a la comunidad de los campus Caborca, Nogales y Santa Ana.<\/p>\n<p>La pr\u00f3xima visita, explic\u00f3, las \u00e1reas que atendieron al sur del estado ir\u00e1n a los campus del norte y viceversa.<\/p>\n<p>\u201cEl pr\u00f3ximo mes estar\u00e1n las otras \u00e1reas de la universidad para escuchar a la comunidad, atender directamente las sugerencias que tengan; algunas de ellas se podr\u00e1n resolver de manera m\u00e1s inmediata que otras, pero, sobre todo, pues quedarnos con la informaci\u00f3n y las inquietudes que hay en los campus.<\/p>\n<p>\u201cLes agradezco mucho a ustedes ser los primeros que est\u00e1n dando inicio a este programa con este acercamiento y, pues, deseamos que haya mucho \u00e9xito y mucha participaci\u00f3n de toda la comunidad\u201d, finaliz\u00f3 la rectora.<\/p>\n<p>&nbsp;<\/p>\n<p>&nbsp;<\/p>\n","protected":false},"excerpt":{"rendered":"<p>La rectora de la Universidad de Sonora, Dena Mar\u00eda Camarena G\u00f3mez, dio la bienvenida a las y los estudiantes de nuevo ingreso del sur del estado en gira de trabajo por Ciudad Obreg\u00f3n y Navojoa. En ceremonias breves, pero llenas de la alegr\u00eda de los j\u00f3venes, la funcionaria agradeci\u00f3 a las y los nuevos b\u00fahos [&hellip;]<\/p>\n","protected":false},"author":2,"featured_media":227966,"comment_status":"closed","ping_status":"closed","sticky":false,"template":"","format":"standard","meta":{"footnotes":""},"categories":[12870,174],"tags":[12865,12873],"class_list":["post-227965","post","type-post","status-publish","format-standard","has-post-thumbnail","hentry","category-destacadas","category-estatal","tag-destacadas","tag-estatal"],"jetpack_featured_media_url":"https:\/\/rnoticias.com.mx\/Portal\/wp-content\/uploads\/2025\/08\/Bienvenida-Cajeme-3.jpg","amp_enabled":true,"_links":{"self":[{"href":"https:\/\/rnoticias.com.mx\/Portal\/wp-json\/wp\/v2\/posts\/227965","targetHints":{"allow":["GET"]}}],"collection":[{"href":"https:\/\/rnoticias.com.mx\/Portal\/wp-json\/wp\/v2\/posts"}],"about":[{"href":"https:\/\/rnoticias.com.mx\/Portal\/wp-json\/wp\/v2\/types\/post"}],"author":[{"embeddable":true,"href":"https:\/\/rnoticias.com.mx\/Portal\/wp-json\/wp\/v2\/users\/2"}],"replies":[{"embeddable":true,"href":"https:\/\/rnoticias.com.mx\/Portal\/wp-json\/wp\/v2\/comments?post=227965"}],"version-history":[{"count":1,"href":"https:\/\/rnoticias.com.mx\/Portal\/wp-json\/wp\/v2\/posts\/227965\/revisions"}],"predecessor-version":[{"id":227967,"href":"https:\/\/rnoticias.com.mx\/Portal\/wp-json\/wp\/v2\/posts\/227965\/revisions\/227967"}],"wp:featuredmedia":[{"embeddable":true,"href":"https:\/\/rnoticias.com.mx\/Portal\/wp-json\/wp\/v2\/media\/227966"}],"wp:attachment":[{"href":"https:\/\/rnoticias.com.mx\/Portal\/wp-json\/wp\/v2\/media?parent=227965"}],"wp:term":[{"taxonomy":"category","embeddable":true,"href":"https:\/\/rnoticias.com.mx\/Portal\/wp-json\/wp\/v2\/categories?post=227965"},{"taxonomy":"post_tag","embeddable":true,"href":"https:\/\/rnoticias.com.mx\/Portal\/wp-json\/wp\/v2\/tags?post=227965"}],"curies":[{"name":"wp","href":"https:\/\/api.w.org\/{rel}","templated":true}]}}