{"id":227962,"date":"2025-08-27T19:58:41","date_gmt":"2025-08-28T02:58:41","guid":{"rendered":"https:\/\/rnoticias.com.mx\/Portal\/?p=227962"},"modified":"2025-08-27T19:58:41","modified_gmt":"2025-08-28T02:58:41","slug":"uniran-esfuerzos-ine-y-atdyt-para-la-identificacion-de-personas","status":"publish","type":"post","link":"https:\/\/rnoticias.com.mx\/Portal\/2025\/08\/27\/uniran-esfuerzos-ine-y-atdyt-para-la-identificacion-de-personas\/","title":{"rendered":"Unir\u00e1n esfuerzos INE y ATDyT para la identificaci\u00f3n de personas"},"content":{"rendered":"<p class=\"x_MsoNormal\"><span data-olk-copy-source=\"MessageBody\">El Instituto Nacional Electoral (INE) y la Agencia de Transformaci\u00f3n Digital y Telecomunicaciones (ATDyT) sostuvieron una reuni\u00f3n de trabajo para explorar una ruta cr\u00edtica conjunta que permita formalizar un convenio de colaboraci\u00f3n.<\/span><\/p>\n<p class=\"x_MsoNormal\">\n<p class=\"x_MsoNormal\">El objetivo principal es que a trav\u00e9s de la base de datos del Registro Federal de Electores (RFE), una de las m\u00e1s robustas y confiables del pa\u00eds, el INE contribuya a la identificaci\u00f3n de personas desaparecidas.<\/p>\n<p class=\"x_MsoNormal\">\n<p class=\"x_MsoNormal\">El encuentro, encabezado por la Consejera Presidenta, Guadalupe Taddei Zavala y el Titular de la ATDyT, Jos\u00e9 Antonio Pe\u00f1a Merino representa un paso significativo para sumar esfuerzos institucionales en una de las problem\u00e1ticas m\u00e1s sensibles de M\u00e9xico.<\/p>\n<p class=\"x_MsoNormal\">\n<p class=\"x_MsoNormal\">Se consider\u00f3 como una reuni\u00f3n inicial para construir una agenda de trabajo que abarque los temas de colaboraci\u00f3n interinstitucional establecidos en las reformas a la Ley General en Materia de Desaparici\u00f3n Forzada de Personas, Desaparici\u00f3n Cometida por Particulares y del Sistema Nacional de B\u00fasqueda de Personas, la Ley General de Poblaci\u00f3n y la Ley Nacional para Eliminar Tr\u00e1mites Burocr\u00e1ticos.<\/p>\n<p class=\"x_MsoNormal\">\n<p class=\"x_MsoNormal\">En la reuni\u00f3n tambi\u00e9n estuvieron presentes el Subsecretario de Derechos Humanos, Poblaci\u00f3n y Migraci\u00f3n de la Secretar\u00eda de Gobernaci\u00f3n, Arturo Medina Padilla; el Titular del Registro Nacional de Poblaci\u00f3n, F\u00e9lix Arturo Arce Vargas; el Titular de la Unidad de Proyectos y Operaci\u00f3n Institucional de la ATDyT, Mariano Mu\u00f1oz Del Olmo;\u00a0\u2060el Director Ejecutivo de INFOTEC, Ra\u00fal Soto Garc\u00eda,\u00a0 as\u00ed como las consejeras Norma De La Cruz Maga\u00f1a, Rita Bell L\u00f3pez Vences y los consejeros Arturo Castillo Loza, Jorge Monta\u00f1o Ventura y Uuc-kib Espadas Ancona.<\/p>\n<p class=\"x_MsoNormal\">\n<p class=\"x_MsoNormal\">Tambi\u00e9n los acompa\u00f1aron personal de la Direcci\u00f3n Ejecutiva del Registro Federal de Electores, encabezada por su Titular, Alejandro Sosa Dur\u00e1n.<\/p>\n","protected":false},"excerpt":{"rendered":"<p>El Instituto Nacional Electoral (INE) y la Agencia de Transformaci\u00f3n Digital y Telecomunicaciones (ATDyT) sostuvieron una reuni\u00f3n de trabajo para explorar una ruta cr\u00edtica conjunta que permita formalizar un convenio de colaboraci\u00f3n. El objetivo principal es que a trav\u00e9s de la base de datos del Registro Federal de Electores (RFE), una de las m\u00e1s robustas [&hellip;]<\/p>\n","protected":false},"author":2,"featured_media":227963,"comment_status":"closed","ping_status":"closed","sticky":false,"template":"","format":"standard","meta":{"footnotes":""},"categories":[12870,12868],"tags":[12865,12879],"class_list":["post-227962","post","type-post","status-publish","format-standard","has-post-thumbnail","hentry","category-destacadas","category-politica","tag-destacadas","tag-politica"],"jetpack_featured_media_url":"https:\/\/rnoticias.com.mx\/Portal\/wp-content\/uploads\/2025\/08\/1000711861-scaled.jpg","amp_enabled":true,"_links":{"self":[{"href":"https:\/\/rnoticias.com.mx\/Portal\/wp-json\/wp\/v2\/posts\/227962","targetHints":{"allow":["GET"]}}],"collection":[{"href":"https:\/\/rnoticias.com.mx\/Portal\/wp-json\/wp\/v2\/posts"}],"about":[{"href":"https:\/\/rnoticias.com.mx\/Portal\/wp-json\/wp\/v2\/types\/post"}],"author":[{"embeddable":true,"href":"https:\/\/rnoticias.com.mx\/Portal\/wp-json\/wp\/v2\/users\/2"}],"replies":[{"embeddable":true,"href":"https:\/\/rnoticias.com.mx\/Portal\/wp-json\/wp\/v2\/comments?post=227962"}],"version-history":[{"count":1,"href":"https:\/\/rnoticias.com.mx\/Portal\/wp-json\/wp\/v2\/posts\/227962\/revisions"}],"predecessor-version":[{"id":227964,"href":"https:\/\/rnoticias.com.mx\/Portal\/wp-json\/wp\/v2\/posts\/227962\/revisions\/227964"}],"wp:featuredmedia":[{"embeddable":true,"href":"https:\/\/rnoticias.com.mx\/Portal\/wp-json\/wp\/v2\/media\/227963"}],"wp:attachment":[{"href":"https:\/\/rnoticias.com.mx\/Portal\/wp-json\/wp\/v2\/media?parent=227962"}],"wp:term":[{"taxonomy":"category","embeddable":true,"href":"https:\/\/rnoticias.com.mx\/Portal\/wp-json\/wp\/v2\/categories?post=227962"},{"taxonomy":"post_tag","embeddable":true,"href":"https:\/\/rnoticias.com.mx\/Portal\/wp-json\/wp\/v2\/tags?post=227962"}],"curies":[{"name":"wp","href":"https:\/\/api.w.org\/{rel}","templated":true}]}}