{"id":227954,"date":"2025-08-27T18:25:36","date_gmt":"2025-08-28T01:25:36","guid":{"rendered":"https:\/\/rnoticias.com.mx\/Portal\/?p=227954"},"modified":"2025-08-27T18:25:36","modified_gmt":"2025-08-28T01:25:36","slug":"gobernador-durazo-logra-nivel-historico-de-pleno-empleo-con-disminucion-de-desocupacion-y-pobreza-laboral","status":"publish","type":"post","link":"https:\/\/rnoticias.com.mx\/Portal\/2025\/08\/27\/gobernador-durazo-logra-nivel-historico-de-pleno-empleo-con-disminucion-de-desocupacion-y-pobreza-laboral\/","title":{"rendered":"Gobernador Durazo logra nivel hist\u00f3rico de pleno empleo con disminuci\u00f3n de desocupaci\u00f3n y pobreza laboral"},"content":{"rendered":"<p>Hermosillo, Sonora: 27 de agosto de 2025.- Sonora registr\u00f3 la tasa m\u00e1s baja de desempleo en la historial con 2.5 por ciento de la poblaci\u00f3n desocupada en el segundo trimestre de 2025, con base en informaci\u00f3n del Instituto Nacional de Estad\u00edstica y Geograf\u00eda (INEGI), lo que refleja las potencialidades econ\u00f3micas y la confianza que hay en el estado para la llegada de inversi\u00f3n y generaci\u00f3n de nuevos empleos, destac\u00f3 el gobernador Alfonso Durazo Monta\u00f1o.<\/p>\n<p>Con el Plan Sonora de Energ\u00edas Sostenibles implementado en el estado, el mandatario estatal resalt\u00f3 que tambi\u00e9n se logr\u00f3 una reducci\u00f3n de la pobreza laboral en la entidad que pas\u00f3 del 28.6 por ciento en el segundo trimestre de 2024 a 27.9 por ciento en el mismo periodo de 2025.<\/p>\n<p>Record\u00f3 que, el r\u00e9cord anterior en la tasa de desocupaci\u00f3n que tambi\u00e9n se alcanz\u00f3 en la presente administraci\u00f3n en el segundo trimestre de 2023 con una tasa de 2.6 por ciento, se super\u00f3 este a\u00f1o, lo que demuestra una visi\u00f3n, compromiso y coordinaci\u00f3n para materializar avances sostenidos con beneficio directo a las familias sonorenses.<\/p>\n<p>\u201cSonora vive su mejor momento en materia de ocupaci\u00f3n y empleo. El pleno empleo ya no es solo una aspiraci\u00f3n: es una realidad palpable para miles de familias sonorenses\u201d, indic\u00f3.<\/p>\n<p>El gobernador Durazo Monta\u00f1o resalt\u00f3 que su administraci\u00f3n seguir\u00e1 trabajando con responsabilidad, transparencia y rumbo claro para que este crecimiento contin\u00fae y llegue a todos los rincones del estado, traducido en bienestar para todas las familias en la entidad.<\/p>\n","protected":false},"excerpt":{"rendered":"<p>Hermosillo, Sonora: 27 de agosto de 2025.- Sonora registr\u00f3 la tasa m\u00e1s baja de desempleo en la historial con 2.5 por ciento de la poblaci\u00f3n desocupada en el segundo trimestre de 2025, con base en informaci\u00f3n del Instituto Nacional de Estad\u00edstica y Geograf\u00eda (INEGI), lo que refleja las potencialidades econ\u00f3micas y la confianza que hay [&hellip;]<\/p>\n","protected":false},"author":2,"featured_media":227955,"comment_status":"closed","ping_status":"closed","sticky":false,"template":"","format":"standard","meta":{"footnotes":""},"categories":[12870,178],"tags":[12865,12869],"class_list":["post-227954","post","type-post","status-publish","format-standard","has-post-thumbnail","hentry","category-destacadas","category-local","tag-destacadas","tag-local"],"jetpack_featured_media_url":"https:\/\/rnoticias.com.mx\/Portal\/wp-content\/uploads\/2025\/08\/355.jpg","amp_enabled":true,"_links":{"self":[{"href":"https:\/\/rnoticias.com.mx\/Portal\/wp-json\/wp\/v2\/posts\/227954","targetHints":{"allow":["GET"]}}],"collection":[{"href":"https:\/\/rnoticias.com.mx\/Portal\/wp-json\/wp\/v2\/posts"}],"about":[{"href":"https:\/\/rnoticias.com.mx\/Portal\/wp-json\/wp\/v2\/types\/post"}],"author":[{"embeddable":true,"href":"https:\/\/rnoticias.com.mx\/Portal\/wp-json\/wp\/v2\/users\/2"}],"replies":[{"embeddable":true,"href":"https:\/\/rnoticias.com.mx\/Portal\/wp-json\/wp\/v2\/comments?post=227954"}],"version-history":[{"count":1,"href":"https:\/\/rnoticias.com.mx\/Portal\/wp-json\/wp\/v2\/posts\/227954\/revisions"}],"predecessor-version":[{"id":227956,"href":"https:\/\/rnoticias.com.mx\/Portal\/wp-json\/wp\/v2\/posts\/227954\/revisions\/227956"}],"wp:featuredmedia":[{"embeddable":true,"href":"https:\/\/rnoticias.com.mx\/Portal\/wp-json\/wp\/v2\/media\/227955"}],"wp:attachment":[{"href":"https:\/\/rnoticias.com.mx\/Portal\/wp-json\/wp\/v2\/media?parent=227954"}],"wp:term":[{"taxonomy":"category","embeddable":true,"href":"https:\/\/rnoticias.com.mx\/Portal\/wp-json\/wp\/v2\/categories?post=227954"},{"taxonomy":"post_tag","embeddable":true,"href":"https:\/\/rnoticias.com.mx\/Portal\/wp-json\/wp\/v2\/tags?post=227954"}],"curies":[{"name":"wp","href":"https:\/\/api.w.org\/{rel}","templated":true}]}}