{"id":227942,"date":"2025-08-27T17:09:24","date_gmt":"2025-08-28T00:09:24","guid":{"rendered":"https:\/\/rnoticias.com.mx\/Portal\/?p=227942"},"modified":"2025-08-27T17:09:24","modified_gmt":"2025-08-28T00:09:24","slug":"sonora-refuerza-sanidad-animal-para-recuperar-exportacion-de-ganado-sader","status":"publish","type":"post","link":"https:\/\/rnoticias.com.mx\/Portal\/2025\/08\/27\/sonora-refuerza-sanidad-animal-para-recuperar-exportacion-de-ganado-sader\/","title":{"rendered":"Sonora refuerza sanidad animal para recuperar exportaci\u00f3n de ganado: SADER"},"content":{"rendered":"<p>Con el objetivo de agilizar la reapertura de la frontera a la exportaci\u00f3n de ganado, Sonora recibir\u00e1 recursos federales para fortalecer los programas de sanidad animal, inform\u00f3 Juan Gonz\u00e1lez Alvarado, delegado de la Secretar\u00eda de Agricultura y Desarrollo Rural en el estado.<\/p>\n<p>&nbsp;<\/p>\n<p>Explic\u00f3 que la estrategia contempla varias acciones, entre ellas el reforzamiento de puntos de verificaci\u00f3n en la frontera, la capacitaci\u00f3n de las 96 asociaciones ganaderas, la instalaci\u00f3n de m\u00e1s de 450 trampas para detecci\u00f3n de moscas y gusano barrenador, as\u00ed como la aplicaci\u00f3n de protocolos cuarentenarios y los actuales barridos zoosanitarios en ranchos.<\/p>\n<p>&nbsp;<\/p>\n<p>\u201cEste apoyo que les comentamos va a llegar a Sonora, va a cambiar en gran medida en dos puntos, el primero, va a ayudar mucho a los ganaderos a resistir la embestida climatol\u00f3gica y del cierre de la frontera y en un segundo punto nos preparamos y damos un paso adelante para continuar caminando en la ruta por industrializar la carne sonorense\u201d, cont\u00f3.<\/p>\n<p>&nbsp;<\/p>\n<p>Detall\u00f3, que en los valles del Yaqui y Mayo se atend\u00eda un rezago hist\u00f3rico en trazabilidad e inocuidad, pero con inversi\u00f3n estatal y federal ahora se busca garantizar est\u00e1ndares internacionales y ordenar el movimiento del hato ganadero.<\/p>\n<p>&nbsp;<\/p>\n<p>Finalmente, indic\u00f3 que brigadas especializadas de Senasica y Sader realizan monitoreos semanales en el sur del estado, lo que, sumado a un sistema de rastreo, permitir\u00e1 ubicar con precisi\u00f3n la movilidad del ganado y asegurar el liderazgo de Sonora en materia de sanidad animal.<\/p>\n<p>&nbsp;<\/p>\n","protected":false},"excerpt":{"rendered":"<p>Con el objetivo de agilizar la reapertura de la frontera a la exportaci\u00f3n de ganado, Sonora recibir\u00e1 recursos federales para fortalecer los programas de sanidad animal, inform\u00f3 Juan Gonz\u00e1lez Alvarado, delegado de la Secretar\u00eda de Agricultura y Desarrollo Rural en el estado. &nbsp; Explic\u00f3 que la estrategia contempla varias acciones, entre ellas el reforzamiento de [&hellip;]<\/p>\n","protected":false},"author":2,"featured_media":227943,"comment_status":"closed","ping_status":"closed","sticky":false,"template":"","format":"standard","meta":{"footnotes":""},"categories":[12870,178],"tags":[12865,12869],"class_list":["post-227942","post","type-post","status-publish","format-standard","has-post-thumbnail","hentry","category-destacadas","category-local","tag-destacadas","tag-local"],"jetpack_featured_media_url":"https:\/\/rnoticias.com.mx\/Portal\/wp-content\/uploads\/2025\/08\/sader-pide-a-ganaderos-seguir-con-los-protocolos-correspondientes-73405ea2-focus-0-0-732-549.jpg","amp_enabled":true,"_links":{"self":[{"href":"https:\/\/rnoticias.com.mx\/Portal\/wp-json\/wp\/v2\/posts\/227942","targetHints":{"allow":["GET"]}}],"collection":[{"href":"https:\/\/rnoticias.com.mx\/Portal\/wp-json\/wp\/v2\/posts"}],"about":[{"href":"https:\/\/rnoticias.com.mx\/Portal\/wp-json\/wp\/v2\/types\/post"}],"author":[{"embeddable":true,"href":"https:\/\/rnoticias.com.mx\/Portal\/wp-json\/wp\/v2\/users\/2"}],"replies":[{"embeddable":true,"href":"https:\/\/rnoticias.com.mx\/Portal\/wp-json\/wp\/v2\/comments?post=227942"}],"version-history":[{"count":1,"href":"https:\/\/rnoticias.com.mx\/Portal\/wp-json\/wp\/v2\/posts\/227942\/revisions"}],"predecessor-version":[{"id":227944,"href":"https:\/\/rnoticias.com.mx\/Portal\/wp-json\/wp\/v2\/posts\/227942\/revisions\/227944"}],"wp:featuredmedia":[{"embeddable":true,"href":"https:\/\/rnoticias.com.mx\/Portal\/wp-json\/wp\/v2\/media\/227943"}],"wp:attachment":[{"href":"https:\/\/rnoticias.com.mx\/Portal\/wp-json\/wp\/v2\/media?parent=227942"}],"wp:term":[{"taxonomy":"category","embeddable":true,"href":"https:\/\/rnoticias.com.mx\/Portal\/wp-json\/wp\/v2\/categories?post=227942"},{"taxonomy":"post_tag","embeddable":true,"href":"https:\/\/rnoticias.com.mx\/Portal\/wp-json\/wp\/v2\/tags?post=227942"}],"curies":[{"name":"wp","href":"https:\/\/api.w.org\/{rel}","templated":true}]}}