{"id":227939,"date":"2025-08-27T17:08:04","date_gmt":"2025-08-28T00:08:04","guid":{"rendered":"https:\/\/rnoticias.com.mx\/Portal\/?p=227939"},"modified":"2025-08-27T17:08:04","modified_gmt":"2025-08-28T00:08:04","slug":"notificamos-sobre-barda-en-caso-de-villas-de-san-lorenzo-ayuntamiento","status":"publish","type":"post","link":"https:\/\/rnoticias.com.mx\/Portal\/2025\/08\/27\/notificamos-sobre-barda-en-caso-de-villas-de-san-lorenzo-ayuntamiento\/","title":{"rendered":"Notificamos sobre barda en caso de Villas de San Lorenzo: Ayuntamiento"},"content":{"rendered":"<p>Hermosillo, Sonora. El Ayuntamiento de Hermosillo inform\u00f3 que actu\u00f3 de manera oportuna ante las filtraciones de agua en la barda perimetral de la colonia Villas de San Lorenzo, notificando al propietario de la obra para prevenir acumulaciones de agua.<\/p>\n<p>&nbsp;<\/p>\n<p>Eduardo Acu\u00f1a Padilla, secretario municipal, se\u00f1al\u00f3 que la autoridad municipal actu\u00f3 conforme a la ley y en el caso de alguna demanda, hay documentos que los avalan.<\/p>\n<p>&nbsp;<\/p>\n<p>\u201cExiste documentaci\u00f3n que respalda dicha notificaci\u00f3n en ese caso en particular\u201d, afirm\u00f3.<\/p>\n<p>&nbsp;<\/p>\n<p>Cabe mencionar, que hace d\u00edas, cinco vecinos anunciaron que buscar\u00e1n demandar al Ayuntamiento por presunta omisi\u00f3n, argumentando que Protecci\u00f3n Civil fue informada desde el jueves 14 de agosto sobre el riesgo de colapso de la barda, que bloqueaba el cauce natural del agua. La estructura cedi\u00f3 tres d\u00edas despu\u00e9s, provocando inundaciones en la colonia.<\/p>\n<p>&nbsp;<\/p>\n<p>Acu\u00f1a Padilla enfatiz\u00f3 que Protecci\u00f3n Civil actu\u00f3 conforme al protocolo: tras recibir el reporte, al d\u00eda siguiente se notific\u00f3 al propietario.<\/p>\n<p>&nbsp;<\/p>\n<p>&nbsp;<\/p>\n","protected":false},"excerpt":{"rendered":"<p>Hermosillo, Sonora. El Ayuntamiento de Hermosillo inform\u00f3 que actu\u00f3 de manera oportuna ante las filtraciones de agua en la barda perimetral de la colonia Villas de San Lorenzo, notificando al propietario de la obra para prevenir acumulaciones de agua. &nbsp; Eduardo Acu\u00f1a Padilla, secretario municipal, se\u00f1al\u00f3 que la autoridad municipal actu\u00f3 conforme a la ley [&hellip;]<\/p>\n","protected":false},"author":2,"featured_media":227940,"comment_status":"closed","ping_status":"closed","sticky":false,"template":"","format":"standard","meta":{"footnotes":""},"categories":[12870,178],"tags":[12865,12869],"class_list":["post-227939","post","type-post","status-publish","format-standard","has-post-thumbnail","hentry","category-destacadas","category-local","tag-destacadas","tag-local"],"jetpack_featured_media_url":"https:\/\/rnoticias.com.mx\/Portal\/wp-content\/uploads\/2025\/08\/6716fee7c15a5__400x209.webp","amp_enabled":true,"_links":{"self":[{"href":"https:\/\/rnoticias.com.mx\/Portal\/wp-json\/wp\/v2\/posts\/227939","targetHints":{"allow":["GET"]}}],"collection":[{"href":"https:\/\/rnoticias.com.mx\/Portal\/wp-json\/wp\/v2\/posts"}],"about":[{"href":"https:\/\/rnoticias.com.mx\/Portal\/wp-json\/wp\/v2\/types\/post"}],"author":[{"embeddable":true,"href":"https:\/\/rnoticias.com.mx\/Portal\/wp-json\/wp\/v2\/users\/2"}],"replies":[{"embeddable":true,"href":"https:\/\/rnoticias.com.mx\/Portal\/wp-json\/wp\/v2\/comments?post=227939"}],"version-history":[{"count":1,"href":"https:\/\/rnoticias.com.mx\/Portal\/wp-json\/wp\/v2\/posts\/227939\/revisions"}],"predecessor-version":[{"id":227941,"href":"https:\/\/rnoticias.com.mx\/Portal\/wp-json\/wp\/v2\/posts\/227939\/revisions\/227941"}],"wp:featuredmedia":[{"embeddable":true,"href":"https:\/\/rnoticias.com.mx\/Portal\/wp-json\/wp\/v2\/media\/227940"}],"wp:attachment":[{"href":"https:\/\/rnoticias.com.mx\/Portal\/wp-json\/wp\/v2\/media?parent=227939"}],"wp:term":[{"taxonomy":"category","embeddable":true,"href":"https:\/\/rnoticias.com.mx\/Portal\/wp-json\/wp\/v2\/categories?post=227939"},{"taxonomy":"post_tag","embeddable":true,"href":"https:\/\/rnoticias.com.mx\/Portal\/wp-json\/wp\/v2\/tags?post=227939"}],"curies":[{"name":"wp","href":"https:\/\/api.w.org\/{rel}","templated":true}]}}