{"id":227930,"date":"2025-08-27T16:35:02","date_gmt":"2025-08-27T23:35:02","guid":{"rendered":"https:\/\/rnoticias.com.mx\/Portal\/?p=227930"},"modified":"2025-08-27T16:35:02","modified_gmt":"2025-08-27T23:35:02","slug":"foro-empresarial-ideas-en-movimiento-2025-un-espacio-para-el-analisis-la-reflexion-y-el-dialogo-empresarial","status":"publish","type":"post","link":"https:\/\/rnoticias.com.mx\/Portal\/2025\/08\/27\/foro-empresarial-ideas-en-movimiento-2025-un-espacio-para-el-analisis-la-reflexion-y-el-dialogo-empresarial\/","title":{"rendered":"Foro Empresarial &#8220;Ideas en Movimiento&#8221; 2025: Un Espacio para el An\u00e1lisis, la Reflexi\u00f3n y el Di\u00e1logo Empresarial."},"content":{"rendered":"<p>Hermosillo, Son.; agosto 27 de 2025. \u2013 COPARMEX Sonora Norte presenta de manera oficial la edici\u00f3n n\u00famero 18 del Foro Empresarial &#8220;Ideas en Movimiento&#8221;, un espacio consolidado durante casi dos d\u00e9cadas que se ha convertido en un referente para empresarios, directores, l\u00edderes de opini\u00f3n y emprendedores de la regi\u00f3n. Este evento tiene como finalidad promover el di\u00e1logo, la reflexi\u00f3n y la generaci\u00f3n de estrategias que fortalezcan el desarrollo econ\u00f3mico del estado y la competitividad de las empresas locales.<\/p>\n<p>El objetivo central de esta edici\u00f3n es analizar las tendencias econ\u00f3micas globales y nacionales, as\u00ed como su impacto en la toma de decisiones estrat\u00e9gicas de las empresas, ofreciendo a los participantes herramientas y conocimientos pr\u00e1cticos para enfrentar los retos de un entorno cada vez m\u00e1s din\u00e1mico. Asimismo, se busca fomentar la creaci\u00f3n de redes de contacto, alianzas estrat\u00e9gicas y espacios de colaboraci\u00f3n que impulsen el crecimiento colectivo del sector productivo.<\/p>\n<p>El Foro se llevar\u00e1 a cabo el mi\u00e9rcoles 8 de octubre a las 8:00 de la ma\u00f1ana en Villa Toscana, Hermosillo, y se espera la asistencia de m\u00e1s de 500 l\u00edderes empresariales provenientes de distintos sectores y giros productivos. La convocatoria est\u00e1 dirigida a empresarios, directores, emprendedores y l\u00edderes que buscan conocer las \u00faltimas tendencias econ\u00f3micas, sociales y pol\u00edticas que influyen en el desarrollo empresarial.<\/p>\n<p>Entre los conferencistas confirmados destacan:<br \/>\n\u2022 Jorge Su\u00e1rez V\u00e9lez \u2013 Economista y analista financiero, especialista en econom\u00eda global y mercados internacionales, autor y colaborador en medios como The New York Times, The Washington Post y Reforma. Ha asesorado a empresas y l\u00edderes de opini\u00f3n en la toma de decisiones frente a los cambios de la econom\u00eda mundial.<br \/>\n\u2022 H\u00e9ctor de Maule\u00f3n \u2013 Escritor y periodista, columnista de El Universal y colaborador en Nexos, reconocido por su an\u00e1lisis sobre seguridad, historia y cultura urbana en M\u00e9xico.<br \/>\n\u2022 Carlos Ponce \u2013 Estratega financiero, autor y consultor, con amplia experiencia en mercados burs\u00e1tiles, inversiones y educaci\u00f3n financiera. Ha publicado libros y ofrece conferencias y an\u00e1lisis sobre tendencias econ\u00f3micas y financieras en M\u00e9xico e internacionalmente.<\/p>\n<p>El Foro Empresarial 2025 no solo ofrece conferencias: es un espacio donde se gestan alianzas estrat\u00e9gicas, se construyen redes de contacto y se comparten perspectivas que enriquecen la visi\u00f3n empresarial. Cada edici\u00f3n representa una oportunidad de crecimiento colectivo y aprendizaje, fortaleciendo la competitividad de las empresas de la regi\u00f3n y su capacidad de adaptaci\u00f3n frente a los cambios globales.<\/p>\n<p>COPARMEX agradece el respaldo de sus patrocinadores, cuyo apoyo ha sido fundamental para el desarrollo de este evento: Deloitte Impuestos y Servicios Legales, Abarrey, Kenworth Distribuidora de Sonora, La Mejor, Transportes Pitic, Quesos y Quesos, Caffenio, Certus, Telcel, Salsas Castillo, Banorte, Friaire, Intugo, Capital Activo, Aquafim, El\u00e9ctrica D\u00edaz, Jorge Humberto Vera Dorame, Ideas Constructivas del Noroeste, Teknol, Ecovisa, Pastello, Expreso, El Imparcial, Revista Correo y Telegrama.<\/p>\n<p>Los boletos para asistir al Foro Empresarial pueden adquirirse a trav\u00e9s de la plataforma eventoscoparmexsonora.com, en las oficinas de COPARMEX o mediante WhatsApp al (662) 418 5261.<br \/>\n\u2022 Costo en preventa hasta el 30 de septiembre: $2,00.00<br \/>\n\u2022 Costo despu\u00e9s del 30 de septiembre: $2,200.00<\/p>\n<p>El Foro Empresarial \u201cIdeas en Movimiento\u201d COPARMEX 2025 ser\u00e1 una ocasi\u00f3n para adquirir conocimientos valiosos, fortalecer redes de contacto y explorar nuevas oportunidades de crecimiento, reafirmando a Sonora como un referente regional en innovaci\u00f3n y liderazgo empresarial.<\/p>\n","protected":false},"excerpt":{"rendered":"<p>Hermosillo, Son.; agosto 27 de 2025. \u2013 COPARMEX Sonora Norte presenta de manera oficial la edici\u00f3n n\u00famero 18 del Foro Empresarial &#8220;Ideas en Movimiento&#8221;, un espacio consolidado durante casi dos d\u00e9cadas que se ha convertido en un referente para empresarios, directores, l\u00edderes de opini\u00f3n y emprendedores de la regi\u00f3n. Este evento tiene como finalidad promover [&hellip;]<\/p>\n","protected":false},"author":2,"featured_media":227931,"comment_status":"closed","ping_status":"closed","sticky":false,"template":"","format":"standard","meta":{"footnotes":""},"categories":[12870,178],"tags":[12865,12869],"class_list":["post-227930","post","type-post","status-publish","format-standard","has-post-thumbnail","hentry","category-destacadas","category-local","tag-destacadas","tag-local"],"jetpack_featured_media_url":"https:\/\/rnoticias.com.mx\/Portal\/wp-content\/uploads\/2025\/08\/c19890e2-7817-4ffd-83c1-da1a8ac9a559.jpg","amp_enabled":true,"_links":{"self":[{"href":"https:\/\/rnoticias.com.mx\/Portal\/wp-json\/wp\/v2\/posts\/227930","targetHints":{"allow":["GET"]}}],"collection":[{"href":"https:\/\/rnoticias.com.mx\/Portal\/wp-json\/wp\/v2\/posts"}],"about":[{"href":"https:\/\/rnoticias.com.mx\/Portal\/wp-json\/wp\/v2\/types\/post"}],"author":[{"embeddable":true,"href":"https:\/\/rnoticias.com.mx\/Portal\/wp-json\/wp\/v2\/users\/2"}],"replies":[{"embeddable":true,"href":"https:\/\/rnoticias.com.mx\/Portal\/wp-json\/wp\/v2\/comments?post=227930"}],"version-history":[{"count":1,"href":"https:\/\/rnoticias.com.mx\/Portal\/wp-json\/wp\/v2\/posts\/227930\/revisions"}],"predecessor-version":[{"id":227932,"href":"https:\/\/rnoticias.com.mx\/Portal\/wp-json\/wp\/v2\/posts\/227930\/revisions\/227932"}],"wp:featuredmedia":[{"embeddable":true,"href":"https:\/\/rnoticias.com.mx\/Portal\/wp-json\/wp\/v2\/media\/227931"}],"wp:attachment":[{"href":"https:\/\/rnoticias.com.mx\/Portal\/wp-json\/wp\/v2\/media?parent=227930"}],"wp:term":[{"taxonomy":"category","embeddable":true,"href":"https:\/\/rnoticias.com.mx\/Portal\/wp-json\/wp\/v2\/categories?post=227930"},{"taxonomy":"post_tag","embeddable":true,"href":"https:\/\/rnoticias.com.mx\/Portal\/wp-json\/wp\/v2\/tags?post=227930"}],"curies":[{"name":"wp","href":"https:\/\/api.w.org\/{rel}","templated":true}]}}