{"id":227921,"date":"2025-08-27T16:28:06","date_gmt":"2025-08-27T23:28:06","guid":{"rendered":"https:\/\/rnoticias.com.mx\/Portal\/?p=227921"},"modified":"2025-08-27T16:28:06","modified_gmt":"2025-08-27T23:28:06","slug":"sonora-proyecta-reconversion-ganadera-hacia-exportacion-de-carne-procesada","status":"publish","type":"post","link":"https:\/\/rnoticias.com.mx\/Portal\/2025\/08\/27\/sonora-proyecta-reconversion-ganadera-hacia-exportacion-de-carne-procesada\/","title":{"rendered":"Sonora proyecta reconversi\u00f3n ganadera hacia exportaci\u00f3n de carne procesada"},"content":{"rendered":"<p>Ante el rezago en la comercializaci\u00f3n de ganado en pie por el cierre de la frontera con Estados Unidos, los productores sonorenses impulsan un plan de reconversi\u00f3n para fortalecer la exportaci\u00f3n de carne procesada hacia nuevos mercados en Asia y Europa.<\/p>\n<p>&nbsp;<\/p>\n<p>Juan Ochoa Valenzuela, presidente de la Uni\u00f3n Ganadera Regional de Sonora (UGRS), explic\u00f3 que el proyecto analizado recientemente con la presidenta de M\u00e9xico, Claudia Sheinbaum Pardo, contempla una inversi\u00f3n superior a los 400 millones de pesos para modernizar la infraestructura ganadera del estado.<\/p>\n<p>&nbsp;<\/p>\n<p>\u201cDecirles que se qued\u00f3 ya el proyecto sobre la mesa, avanzado por nosotros al 100%, ellos van a darle los toques que tal vez tengan que ver ah\u00ed, determinar\u00e1n que tanto ser\u00e1 el apoyo, etc\u00e9tera y estar\u00e1n anunciando antes del d\u00eda 6\u201d, dijo.<\/p>\n<p>&nbsp;<\/p>\n<p>Precis\u00f3, que actualmente se tienen alrededor de 100 mil cabezas sin colocar, por lo que se busca canalizarlas a la producci\u00f3n de carne de calidad, con valor agregado, que pueda posicionarse tanto en el mercado nacional como internacional.<\/p>\n<p>&nbsp;<\/p>\n<p>Igualmente dijo, que la propuesta incluye ampliar la capacidad de los rastros de sacrificio, establecer salas de corte y deshuese, mejorar la planta de alimentos, incrementar los corrales de engorda y habilitar un \u00e1rea de subastas en Moctezuma para apoyar a peque\u00f1os productores de la sierra.<\/p>\n<p>&nbsp;<\/p>\n","protected":false},"excerpt":{"rendered":"<p>Ante el rezago en la comercializaci\u00f3n de ganado en pie por el cierre de la frontera con Estados Unidos, los productores sonorenses impulsan un plan de reconversi\u00f3n para fortalecer la exportaci\u00f3n de carne procesada hacia nuevos mercados en Asia y Europa. &nbsp; Juan Ochoa Valenzuela, presidente de la Uni\u00f3n Ganadera Regional de Sonora (UGRS), explic\u00f3 [&hellip;]<\/p>\n","protected":false},"author":2,"featured_media":227922,"comment_status":"closed","ping_status":"closed","sticky":false,"template":"","format":"standard","meta":{"footnotes":""},"categories":[12870,178],"tags":[12865,12869],"class_list":["post-227921","post","type-post","status-publish","format-standard","has-post-thumbnail","hentry","category-destacadas","category-local","tag-destacadas","tag-local"],"jetpack_featured_media_url":"https:\/\/rnoticias.com.mx\/Portal\/wp-content\/uploads\/2025\/08\/00-Vacas-Frontera.jpg","amp_enabled":true,"_links":{"self":[{"href":"https:\/\/rnoticias.com.mx\/Portal\/wp-json\/wp\/v2\/posts\/227921","targetHints":{"allow":["GET"]}}],"collection":[{"href":"https:\/\/rnoticias.com.mx\/Portal\/wp-json\/wp\/v2\/posts"}],"about":[{"href":"https:\/\/rnoticias.com.mx\/Portal\/wp-json\/wp\/v2\/types\/post"}],"author":[{"embeddable":true,"href":"https:\/\/rnoticias.com.mx\/Portal\/wp-json\/wp\/v2\/users\/2"}],"replies":[{"embeddable":true,"href":"https:\/\/rnoticias.com.mx\/Portal\/wp-json\/wp\/v2\/comments?post=227921"}],"version-history":[{"count":1,"href":"https:\/\/rnoticias.com.mx\/Portal\/wp-json\/wp\/v2\/posts\/227921\/revisions"}],"predecessor-version":[{"id":227923,"href":"https:\/\/rnoticias.com.mx\/Portal\/wp-json\/wp\/v2\/posts\/227921\/revisions\/227923"}],"wp:featuredmedia":[{"embeddable":true,"href":"https:\/\/rnoticias.com.mx\/Portal\/wp-json\/wp\/v2\/media\/227922"}],"wp:attachment":[{"href":"https:\/\/rnoticias.com.mx\/Portal\/wp-json\/wp\/v2\/media?parent=227921"}],"wp:term":[{"taxonomy":"category","embeddable":true,"href":"https:\/\/rnoticias.com.mx\/Portal\/wp-json\/wp\/v2\/categories?post=227921"},{"taxonomy":"post_tag","embeddable":true,"href":"https:\/\/rnoticias.com.mx\/Portal\/wp-json\/wp\/v2\/tags?post=227921"}],"curies":[{"name":"wp","href":"https:\/\/api.w.org\/{rel}","templated":true}]}}