{"id":227915,"date":"2025-08-27T15:51:59","date_gmt":"2025-08-27T22:51:59","guid":{"rendered":"https:\/\/rnoticias.com.mx\/Portal\/?p=227915"},"modified":"2025-08-27T15:51:59","modified_gmt":"2025-08-27T22:51:59","slug":"se-enfrentan-alito-moreno-y-fernandez-norona-en-el-senado","status":"publish","type":"post","link":"https:\/\/rnoticias.com.mx\/Portal\/2025\/08\/27\/se-enfrentan-alito-moreno-y-fernandez-norona-en-el-senado\/","title":{"rendered":"Se enfrentan &#8216;Alito&#8217; Moreno y Fern\u00e1ndez Noro\u00f1a en el Senado"},"content":{"rendered":"<p class=\"nota-justify\"><i>Ciudad de M\u00e9xico.\u00a0<\/i>La Comisi\u00f3n Permanente cerr\u00f3 trabajos en medio de una trifulca, toda vez que el senador y dirigente del PRI, Alejandro Moreno C\u00e1rdenas, subi\u00f3 a tribuna mientras se escuchaba el himno nacional y agredi\u00f3 al presidente de ese \u00f3rgano del Congreso Gerardo Fern\u00e1ndez Noro\u00f1a, qui\u00e9n trat\u00f3 de contenerlo y terminaron a golpes.<\/p>\n<p class=\"nota-justify\"><i>Alito<\/i>\u00a0sigui\u00f3 tirando golpes y se le uni\u00f3 a ello el diputado pri\u00edsta Carlos Mancilla, qui\u00e9n golpe\u00f3 y tir\u00f3 a un fot\u00f3grafo de comunicaci\u00f3n social de la presidencia de la Permanente. En medio estaba la vicepresidenta de la mesa directiva Dolores Padierna, que tuvo que hacerse a un lado para evitar ser golpeada tambi\u00e9n.<\/p>\n<p class=\"nota-justify\">Noro\u00f1a se retir\u00f3, pero\u00a0<i>Alito<\/i>\u00a0lo sigui\u00f3 y le peg\u00f3 en la espalda.<\/p>\n<p class=\"nota-justify\">Fue el final de una sesi\u00f3n caracterizada por los insultos y descalificaciones, sobre todo de legisladores de PRI y PAN , que defendieron a la senadora Lili T\u00e9llez, a quien desde la 4T reprocharon que haya pedido desde un medio extranjero, la intervenci\u00f3n militar de Estados Unidos en M\u00e9xico.<\/p>\n<p class=\"nota-justify\">El debate se prolong\u00f3 por casi tres horas y cuando la sesi\u00f3n se iba ya a clausurar Alito subi\u00f3 a tribuna y en cuanto concluy\u00f3 el himno nacional, comenz\u00f3 a reclamarle a Fernandez Noro\u00f1a, seg\u00fan dijo luego porque ya no hubo otras ronda de oradores.<\/p>\n<p class=\"nota-justify\">En conferencia de prensa, Moreno Cardenas asegur\u00f3 que todo fue en defensa de la senadora Lily T\u00e9llez, a quien, seg\u00fan \u00e9l, desde Morena se le ha agredido por ejercer su libertad de expresi\u00f3n.<\/p>\n<p class=\"nota-justify\">Esa fue la t\u00f3nica durante esta que es la \u00faltima sesi\u00f3n de la Permanente, toda vez que panistas y priistas cobijaron a la panista, quien desde el pleno refrend\u00f3 que est\u00e1 a favor de la intervenci\u00f3n de Estados Unidos, y no dej\u00f3 de calificar a los legisladores de Morena de narco pol\u00edticos, y al final hasta narcosat\u00e1nicos llam\u00f3.<\/p>\n<p class=\"nota-justify\">En tanto, diputados y senadores de la cuatro le dejaron claro que incurre traiciona a la patria, al solicitar la intervenci\u00f3n de un gobierno extranjero, en asuntos que son exclusivos del pa\u00eds.<\/p>\n<p class=\"nota-justify\">T\u00e9llez confront\u00f3 incluso con el coordinador de Morena, Ad\u00e1n Augusto L\u00f3pez, Hern\u00e1ndez, al que acus\u00f3 tambi\u00e9n de estar involucrado en el narcotr\u00e1fico.<\/p>\n<p class=\"nota-justify\">Desde tribuna, Ruben Moreira tambi\u00e9n dirigi\u00f3 al tabasque\u00f1o, a quien le dijo, \u201ccabr\u00f3n narco\u201d.<\/p>\n<p class=\"nota-justify\">Ello, entre coros de vendepatrias vende patrias de la mayor\u00eda de la 4T.<\/p>\n<p class=\"nota-justify\">Al final, en conferencia de prensa,\u00a0<i>Alito<\/i>\u00a0alarde\u00f3 de su actuaci\u00f3n y amenaz\u00f3 que igual ser\u00e1 el pr\u00f3ximo primero de septiembre. \u201cNos vemos\u201d ese d\u00eda, \u201cen la C\u00e1mara de Diputados.<\/p>\n<p>&nbsp;<\/p>\n<p>Fuente: La Jornada<\/p>\n","protected":false},"excerpt":{"rendered":"<p>Ciudad de M\u00e9xico.\u00a0La Comisi\u00f3n Permanente cerr\u00f3 trabajos en medio de una trifulca, toda vez que el senador y dirigente del PRI, Alejandro Moreno C\u00e1rdenas, subi\u00f3 a tribuna mientras se escuchaba el himno nacional y agredi\u00f3 al presidente de ese \u00f3rgano del Congreso Gerardo Fern\u00e1ndez Noro\u00f1a, qui\u00e9n trat\u00f3 de contenerlo y terminaron a golpes. Alito\u00a0sigui\u00f3 tirando [&hellip;]<\/p>\n","protected":false},"author":2,"featured_media":227916,"comment_status":"closed","ping_status":"closed","sticky":false,"template":"","format":"standard","meta":{"footnotes":""},"categories":[12870,12868],"tags":[12865,12879],"class_list":["post-227915","post","type-post","status-publish","format-standard","has-post-thumbnail","hentry","category-destacadas","category-politica","tag-destacadas","tag-politica"],"jetpack_featured_media_url":"https:\/\/rnoticias.com.mx\/Portal\/wp-content\/uploads\/2025\/08\/68af82f3acb77.webp","amp_enabled":true,"_links":{"self":[{"href":"https:\/\/rnoticias.com.mx\/Portal\/wp-json\/wp\/v2\/posts\/227915","targetHints":{"allow":["GET"]}}],"collection":[{"href":"https:\/\/rnoticias.com.mx\/Portal\/wp-json\/wp\/v2\/posts"}],"about":[{"href":"https:\/\/rnoticias.com.mx\/Portal\/wp-json\/wp\/v2\/types\/post"}],"author":[{"embeddable":true,"href":"https:\/\/rnoticias.com.mx\/Portal\/wp-json\/wp\/v2\/users\/2"}],"replies":[{"embeddable":true,"href":"https:\/\/rnoticias.com.mx\/Portal\/wp-json\/wp\/v2\/comments?post=227915"}],"version-history":[{"count":1,"href":"https:\/\/rnoticias.com.mx\/Portal\/wp-json\/wp\/v2\/posts\/227915\/revisions"}],"predecessor-version":[{"id":227917,"href":"https:\/\/rnoticias.com.mx\/Portal\/wp-json\/wp\/v2\/posts\/227915\/revisions\/227917"}],"wp:featuredmedia":[{"embeddable":true,"href":"https:\/\/rnoticias.com.mx\/Portal\/wp-json\/wp\/v2\/media\/227916"}],"wp:attachment":[{"href":"https:\/\/rnoticias.com.mx\/Portal\/wp-json\/wp\/v2\/media?parent=227915"}],"wp:term":[{"taxonomy":"category","embeddable":true,"href":"https:\/\/rnoticias.com.mx\/Portal\/wp-json\/wp\/v2\/categories?post=227915"},{"taxonomy":"post_tag","embeddable":true,"href":"https:\/\/rnoticias.com.mx\/Portal\/wp-json\/wp\/v2\/tags?post=227915"}],"curies":[{"name":"wp","href":"https:\/\/api.w.org\/{rel}","templated":true}]}}