{"id":227912,"date":"2025-08-27T15:46:32","date_gmt":"2025-08-27T22:46:32","guid":{"rendered":"https:\/\/rnoticias.com.mx\/Portal\/?p=227912"},"modified":"2025-08-27T15:46:32","modified_gmt":"2025-08-27T22:46:32","slug":"cadillac-ultimo-gran-proyecto-de-checo-perez","status":"publish","type":"post","link":"https:\/\/rnoticias.com.mx\/Portal\/2025\/08\/27\/cadillac-ultimo-gran-proyecto-de-checo-perez\/","title":{"rendered":"Cadillac, \u00faltimo gran proyecto de \u2018Checo\u2019 P\u00e9rez"},"content":{"rendered":"<p>El piloto mexicano Sergio \u2018Checo\u2019 P\u00e9rez afirm\u00f3 este mi\u00e9rcoles que\u00a0<strong>cree que la escuder\u00eda Cadillac ser\u00e1 su \u00faltimo \u201cgran proyecto\u201d en la F\u00f3rmula Uno.<\/strong><\/p>\n<p>\u201cLo veo como mi \u00faltimo gran proyecto que puedo dar en la F\u00f3rmula Uno.<strong>\u00a0Terminar mi carrera en Cadillac ser\u00eda incre\u00edble<\/strong>, si puedo ayudar a hacerlo en uno de los equipos m\u00e1s exitosos en el futuro ser\u00eda incre\u00edble. El tiempo lo dir\u00e1\u201d, explic\u00f3 en una rueda de prensa en Ciudad de M\u00e9xico.<\/p>\n<p>En el equipo estadounidense, que debutar\u00e1 en 2026 en el Gran Circo, Sergio regresar\u00e1 a la m\u00e1xima categor\u00eda del automovilismo, luego de ausentarse este a\u00f1o al salir de Red Bull.<\/p>\n<p>El mexicano m\u00e1s exitoso en la F\u00f3rmula Uno<strong>\u00a0firm\u00f3 por dos a\u00f1os con Cadillac<\/strong>, en la que tendr\u00e1 como compa\u00f1ero a Valtteri Bottas, otro veterano de 35 a\u00f1os.<\/p>\n<p>\u201cEn este tiempo fuera de las pistas me conoc\u00ed como persona, me di cuenta de que realmente me gusta entrenar y tener una vida saludable. Pens\u00e9 que entrenaba porque ten\u00eda que hacerlo por contrato y no me gustaba. Cuando par\u00e9 me di cuenta de que me gusta estar bien f\u00edsicamente y eso me ayudar\u00e1 a mi regreso\u201d, a\u00f1adi\u00f3 P\u00e9rez.<\/p>\n<p>\u2018Checo\u2019 tiene la carrera m\u00e1s exitosa para un conductor mexicano en F1 con seis victorias, 39 podios, un subcampeonato mundial en 2023 y dos campeonatos de constructores.<\/p>\n<p><strong>Su etapa m\u00e1s ganadora fueron los cuatro a\u00f1os con Red Bull, en la que obtuvo el subcampeonato y los t\u00edtulos de constructores.<\/strong><\/p>\n<p>\u201cAl principio sent\u00ed que no extra\u00f1aba las carreras, pero cuando empez\u00f3 la temporada me di cuenta que s\u00ed porque me levantaba temprano a verlas y estaba en contacto con gente de las escuder\u00edas. Ah\u00ed me di cuenta de que lo extra\u00f1aba\u201d, a\u00f1adi\u00f3 el piloto nacido hace 35 a\u00f1os en Guadalajara.<\/p>\n<p>El 2025 fue el primer a\u00f1o de P\u00e9rez sin competir ya que se inici\u00f3 en diferentes categor\u00edas de carreras desde los 7 a\u00f1os, cuando comenz\u00f3 a conducir go-karts y comenz\u00f3 su trayectoria en la que estuvo 14 temporadas seguidas en la F\u00f3rmula Uno.<\/p>\n<p><strong>\u201cLo que har\u00e9 de aqu\u00ed a mi debut en 2026 ser\u00e1 visitar la f\u00e1brica de Cadillac y conocer todo el equipo.<\/strong>\u00a0Son alrededor de 400 personas trabajando, me voy a poner al d\u00eda para ver c\u00f3mo va el coche. Quiero este a\u00f1o probar un carro de F\u00f3rmula Uno, uno o dos d\u00edas, para estar listo para las primeras pruebas\u201d, afirm\u00f3 el mexicano.<\/p>\n<p>&nbsp;<\/p>\n","protected":false},"excerpt":{"rendered":"<p>El piloto mexicano Sergio \u2018Checo\u2019 P\u00e9rez afirm\u00f3 este mi\u00e9rcoles que\u00a0cree que la escuder\u00eda Cadillac ser\u00e1 su \u00faltimo \u201cgran proyecto\u201d en la F\u00f3rmula Uno. \u201cLo veo como mi \u00faltimo gran proyecto que puedo dar en la F\u00f3rmula Uno.\u00a0Terminar mi carrera en Cadillac ser\u00eda incre\u00edble, si puedo ayudar a hacerlo en uno de los equipos m\u00e1s exitosos [&hellip;]<\/p>\n","protected":false},"author":2,"featured_media":227913,"comment_status":"closed","ping_status":"closed","sticky":false,"template":"","format":"standard","meta":{"footnotes":""},"categories":[188,12870],"tags":[5231,12865],"class_list":["post-227912","post","type-post","status-publish","format-standard","has-post-thumbnail","hentry","category-deportes","category-destacadas","tag-deportes","tag-destacadas"],"jetpack_featured_media_url":"https:\/\/rnoticias.com.mx\/Portal\/wp-content\/uploads\/2025\/08\/checo-perez-levanta-la-bandera-mexicana1-121158-1024x576-1.jpg","amp_enabled":true,"_links":{"self":[{"href":"https:\/\/rnoticias.com.mx\/Portal\/wp-json\/wp\/v2\/posts\/227912","targetHints":{"allow":["GET"]}}],"collection":[{"href":"https:\/\/rnoticias.com.mx\/Portal\/wp-json\/wp\/v2\/posts"}],"about":[{"href":"https:\/\/rnoticias.com.mx\/Portal\/wp-json\/wp\/v2\/types\/post"}],"author":[{"embeddable":true,"href":"https:\/\/rnoticias.com.mx\/Portal\/wp-json\/wp\/v2\/users\/2"}],"replies":[{"embeddable":true,"href":"https:\/\/rnoticias.com.mx\/Portal\/wp-json\/wp\/v2\/comments?post=227912"}],"version-history":[{"count":1,"href":"https:\/\/rnoticias.com.mx\/Portal\/wp-json\/wp\/v2\/posts\/227912\/revisions"}],"predecessor-version":[{"id":227914,"href":"https:\/\/rnoticias.com.mx\/Portal\/wp-json\/wp\/v2\/posts\/227912\/revisions\/227914"}],"wp:featuredmedia":[{"embeddable":true,"href":"https:\/\/rnoticias.com.mx\/Portal\/wp-json\/wp\/v2\/media\/227913"}],"wp:attachment":[{"href":"https:\/\/rnoticias.com.mx\/Portal\/wp-json\/wp\/v2\/media?parent=227912"}],"wp:term":[{"taxonomy":"category","embeddable":true,"href":"https:\/\/rnoticias.com.mx\/Portal\/wp-json\/wp\/v2\/categories?post=227912"},{"taxonomy":"post_tag","embeddable":true,"href":"https:\/\/rnoticias.com.mx\/Portal\/wp-json\/wp\/v2\/tags?post=227912"}],"curies":[{"name":"wp","href":"https:\/\/api.w.org\/{rel}","templated":true}]}}