{"id":227909,"date":"2025-08-27T15:45:04","date_gmt":"2025-08-27T22:45:04","guid":{"rendered":"https:\/\/rnoticias.com.mx\/Portal\/?p=227909"},"modified":"2025-08-27T15:45:04","modified_gmt":"2025-08-27T22:45:04","slug":"gobierno-de-sonora-fortalece-la-movilidad-en-el-estado-en-el-marco-del-regreso-a-clases","status":"publish","type":"post","link":"https:\/\/rnoticias.com.mx\/Portal\/2025\/08\/27\/gobierno-de-sonora-fortalece-la-movilidad-en-el-estado-en-el-marco-del-regreso-a-clases\/","title":{"rendered":"Gobierno de Sonora fortalece la movilidad en el estado en el marco del regreso a clases"},"content":{"rendered":"<p>Hermosillo, Sonora; 27 de agosto de 2025.- El gobernador Alfonso Durazo hizo la entrega oficial de 63 unidades de transporte p\u00fablico para fortalecer la movilidad en el estado en el marco del regreso a clases.<\/p>\n<p>Dicha acci\u00f3n garantiza movilidad segura a m\u00e1s de 148 mil sonorenses en Cajeme, Guaymas, Hermosillo, Agua Prieta, \u00c1lamos, Bacad\u00e9huachi, Moctezuma, Bavispe, Quiriego, Cucurpe y B\u00e1cum, asegurando que la educaci\u00f3n y las oportunidades lleguen hasta los rincones m\u00e1s apartados de Sonora.<\/p>\n<p>Carlos Sosa Casta\u00f1eda, coordinador ejecutivo del Instituto de Movilidad y Transporte para el Estado de Sonora (IMTES), inform\u00f3 que, en Cajeme, 31 unidades nuevas se incorporar\u00e1n a las l\u00edneas actuales y beneficiar\u00e1n a m\u00e1s de 73 mil personas usuarias, por lo que el pr\u00f3ximo lunes primero de septiembre las y los cajemenses mejorar\u00e1n de manera significativa su movilidad diaria.<\/p>\n<p>En el caso de Guaymas, 12 unidades nuevas con aire acondicionado se incorporar\u00e1n a las l\u00edneas Circunvalaci\u00f3n Amarilla, Azul, Guaymas Norte 1 y 2, beneficiando a m\u00e1s de 33 mil guaymenses.<\/p>\n<p>Los municipios de \u00c1lamos, Bacad\u00e9huachi, Moctezuma, Bavispe, Quiriego, Cucurpe y B\u00e1cum comenzar\u00e1n a operar las nuevas vans destinadas exclusivamente a la movilidad estudiantil, con la finalidad de garantizar transporte seguro a m\u00e1s de seis mil 700 alumnas y alumnos que caminan largas distancias para llegar a las diferentes instituciones educativas.<\/p>\n<p>Continuando con la pol\u00edtica p\u00fablica de mejor movilidad para todos y todas, en los pr\u00f3ximos meses se sumar\u00e1n otras 50 unidades para fortalecer el servicio de transporte: Nogales con 20, Ciudad Obreg\u00f3n 15, Hermosillo 10 y Navojoa 5 unidades.<\/p>\n","protected":false},"excerpt":{"rendered":"<p>Hermosillo, Sonora; 27 de agosto de 2025.- El gobernador Alfonso Durazo hizo la entrega oficial de 63 unidades de transporte p\u00fablico para fortalecer la movilidad en el estado en el marco del regreso a clases. Dicha acci\u00f3n garantiza movilidad segura a m\u00e1s de 148 mil sonorenses en Cajeme, Guaymas, Hermosillo, Agua Prieta, \u00c1lamos, Bacad\u00e9huachi, Moctezuma, [&hellip;]<\/p>\n","protected":false},"author":2,"featured_media":227910,"comment_status":"closed","ping_status":"closed","sticky":false,"template":"","format":"standard","meta":{"footnotes":""},"categories":[12870,178],"tags":[12865,12869],"class_list":["post-227909","post","type-post","status-publish","format-standard","has-post-thumbnail","hentry","category-destacadas","category-local","tag-destacadas","tag-local"],"jetpack_featured_media_url":"https:\/\/rnoticias.com.mx\/Portal\/wp-content\/uploads\/2025\/08\/unnamed-86.jpg","amp_enabled":true,"_links":{"self":[{"href":"https:\/\/rnoticias.com.mx\/Portal\/wp-json\/wp\/v2\/posts\/227909","targetHints":{"allow":["GET"]}}],"collection":[{"href":"https:\/\/rnoticias.com.mx\/Portal\/wp-json\/wp\/v2\/posts"}],"about":[{"href":"https:\/\/rnoticias.com.mx\/Portal\/wp-json\/wp\/v2\/types\/post"}],"author":[{"embeddable":true,"href":"https:\/\/rnoticias.com.mx\/Portal\/wp-json\/wp\/v2\/users\/2"}],"replies":[{"embeddable":true,"href":"https:\/\/rnoticias.com.mx\/Portal\/wp-json\/wp\/v2\/comments?post=227909"}],"version-history":[{"count":1,"href":"https:\/\/rnoticias.com.mx\/Portal\/wp-json\/wp\/v2\/posts\/227909\/revisions"}],"predecessor-version":[{"id":227911,"href":"https:\/\/rnoticias.com.mx\/Portal\/wp-json\/wp\/v2\/posts\/227909\/revisions\/227911"}],"wp:featuredmedia":[{"embeddable":true,"href":"https:\/\/rnoticias.com.mx\/Portal\/wp-json\/wp\/v2\/media\/227910"}],"wp:attachment":[{"href":"https:\/\/rnoticias.com.mx\/Portal\/wp-json\/wp\/v2\/media?parent=227909"}],"wp:term":[{"taxonomy":"category","embeddable":true,"href":"https:\/\/rnoticias.com.mx\/Portal\/wp-json\/wp\/v2\/categories?post=227909"},{"taxonomy":"post_tag","embeddable":true,"href":"https:\/\/rnoticias.com.mx\/Portal\/wp-json\/wp\/v2\/tags?post=227909"}],"curies":[{"name":"wp","href":"https:\/\/api.w.org\/{rel}","templated":true}]}}