{"id":227903,"date":"2025-08-27T12:20:50","date_gmt":"2025-08-27T19:20:50","guid":{"rendered":"https:\/\/rnoticias.com.mx\/Portal\/?p=227903"},"modified":"2025-08-27T12:20:50","modified_gmt":"2025-08-27T19:20:50","slug":"claudia-sheinbaum-critica-escandalo-por-casa-de-norona-lo-compara-con-el-caso-garcia-luna","status":"publish","type":"post","link":"https:\/\/rnoticias.com.mx\/Portal\/2025\/08\/27\/claudia-sheinbaum-critica-escandalo-por-casa-de-norona-lo-compara-con-el-caso-garcia-luna\/","title":{"rendered":"Claudia Sheinbaum critica \u2018esc\u00e1ndalo\u2019 por casa de Noro\u00f1a; lo compara con el caso Garc\u00eda Luna"},"content":{"rendered":"<p>La presidenta\u00a0<strong>Claudia Sheinbaum<\/strong>\u00a0minimiz\u00f3 que el presidente del Senado,\u00a0<strong>Gerardo Fern\u00e1ndez Noro\u00f1a<\/strong>, tenga una\u00a0<strong>casa en Tepoztl\u00e1n<\/strong>\u00a0valuada en 12 millones de pesos, y critic\u00f3 que los medios de comunicaci\u00f3n hayan hecho \u201cun esc\u00e1ndalo\u201d sobre el tema.<\/p>\n<p>Afirm\u00f3 que \u201ces m\u00e1s importante\u201d el hecho que el director de la\u00a0<strong>Administraci\u00f3n para el Control de Drogas de Estados Unidos<\/strong>\u00a0(DEA, por sus siglas en ingles), Terry Cole, puso en el mismo nivel, recientemente, a\u00a0<strong>Genaro Garc\u00eda Luna<\/strong>, exsecretario de seguridad en el sexenio de Felipe Calder\u00f3n, con los l\u00edderes del c\u00e1rtel de Sinaloa, Joaqu\u00edn El Chapo Guzm\u00e1n e Ismael El Mayo Zambada.<\/p>\n<p>Al ser cuestionada por la prensa sobre la pol\u00e9mica de la propiedad de Noro\u00f1a, Sheinbaum revir\u00f3: \u201c\u00bfQu\u00e9 les parece m\u00e1s importante: la casa de Noro\u00f1a en Tepoztl\u00e1n, que vive ah\u00ed desde hace no s\u00e9 cu\u00e1ntos a\u00f1os, o que el de la DEA haya dicho que Garc\u00eda Luna est\u00e1 al mismo nivel que los otros dos capos?\u201d.<\/p>\n<p>&nbsp;<\/p>\n<p>&nbsp;<\/p>\n<p>Fuente: La Jornada<\/p>\n","protected":false},"excerpt":{"rendered":"<p>La presidenta\u00a0Claudia Sheinbaum\u00a0minimiz\u00f3 que el presidente del Senado,\u00a0Gerardo Fern\u00e1ndez Noro\u00f1a, tenga una\u00a0casa en Tepoztl\u00e1n\u00a0valuada en 12 millones de pesos, y critic\u00f3 que los medios de comunicaci\u00f3n hayan hecho \u201cun esc\u00e1ndalo\u201d sobre el tema. Afirm\u00f3 que \u201ces m\u00e1s importante\u201d el hecho que el director de la\u00a0Administraci\u00f3n para el Control de Drogas de Estados Unidos\u00a0(DEA, por sus [&hellip;]<\/p>\n","protected":false},"author":2,"featured_media":227904,"comment_status":"closed","ping_status":"closed","sticky":false,"template":"","format":"standard","meta":{"footnotes":""},"categories":[12870,12868],"tags":[12865,12879],"class_list":["post-227903","post","type-post","status-publish","format-standard","has-post-thumbnail","hentry","category-destacadas","category-politica","tag-destacadas","tag-politica"],"jetpack_featured_media_url":"https:\/\/rnoticias.com.mx\/Portal\/wp-content\/uploads\/2025\/08\/00000009298dfds_crop1720886882876.jpg_1902800913.webp","amp_enabled":true,"_links":{"self":[{"href":"https:\/\/rnoticias.com.mx\/Portal\/wp-json\/wp\/v2\/posts\/227903","targetHints":{"allow":["GET"]}}],"collection":[{"href":"https:\/\/rnoticias.com.mx\/Portal\/wp-json\/wp\/v2\/posts"}],"about":[{"href":"https:\/\/rnoticias.com.mx\/Portal\/wp-json\/wp\/v2\/types\/post"}],"author":[{"embeddable":true,"href":"https:\/\/rnoticias.com.mx\/Portal\/wp-json\/wp\/v2\/users\/2"}],"replies":[{"embeddable":true,"href":"https:\/\/rnoticias.com.mx\/Portal\/wp-json\/wp\/v2\/comments?post=227903"}],"version-history":[{"count":1,"href":"https:\/\/rnoticias.com.mx\/Portal\/wp-json\/wp\/v2\/posts\/227903\/revisions"}],"predecessor-version":[{"id":227905,"href":"https:\/\/rnoticias.com.mx\/Portal\/wp-json\/wp\/v2\/posts\/227903\/revisions\/227905"}],"wp:featuredmedia":[{"embeddable":true,"href":"https:\/\/rnoticias.com.mx\/Portal\/wp-json\/wp\/v2\/media\/227904"}],"wp:attachment":[{"href":"https:\/\/rnoticias.com.mx\/Portal\/wp-json\/wp\/v2\/media?parent=227903"}],"wp:term":[{"taxonomy":"category","embeddable":true,"href":"https:\/\/rnoticias.com.mx\/Portal\/wp-json\/wp\/v2\/categories?post=227903"},{"taxonomy":"post_tag","embeddable":true,"href":"https:\/\/rnoticias.com.mx\/Portal\/wp-json\/wp\/v2\/tags?post=227903"}],"curies":[{"name":"wp","href":"https:\/\/api.w.org\/{rel}","templated":true}]}}