{"id":227900,"date":"2025-08-27T12:19:39","date_gmt":"2025-08-27T19:19:39","guid":{"rendered":"https:\/\/rnoticias.com.mx\/Portal\/?p=227900"},"modified":"2025-08-27T12:19:39","modified_gmt":"2025-08-27T19:19:39","slug":"polemica-jueza-del-caso-maradona-sera-sometida-a-un-juicio-politico","status":"publish","type":"post","link":"https:\/\/rnoticias.com.mx\/Portal\/2025\/08\/27\/polemica-jueza-del-caso-maradona-sera-sometida-a-un-juicio-politico\/","title":{"rendered":"Pol\u00e9mica jueza del caso Maradona ser\u00e1 sometida a un juicio pol\u00edtico"},"content":{"rendered":"<p>La jueza Julieta Makintach, recusada en mayo pasado mientras integraba el tribunal que adelantaba el juicio por la muerte del exfutbolista Diego Armando Maradona -por participar en un documental sobre el caso-,\u00a0<strong>ser\u00e1 sometida a un juicio pol\u00edtico por su accionar en dicho proceso judicial,\u00a0<\/strong>seg\u00fan decret\u00f3 este martes el jurado encargado de evaluar las acusaciones contra la magistrada.<\/p>\n<p>El Jurado de Enjuiciamiento a magistrados de la Legislatura de la provincia de Buenos Aires desestim\u00f3 este martes los recursos presentados por el abogado de Makintach y\u00a0<strong>declar\u00f3 la verosimilitud de los cargos, al admitir formalmente la acusaci\u00f3n en su contra.<\/strong><\/p>\n<p>Adem\u00e1s, el jurado dispuso un embargo del 40 % del sueldo de la jueza.<\/p>\n<p>Makintach, integrante del Tribunal Oral Criminal n\u00famero 2 de la localidad de San Isidro, en la provincia de Buenos Aires, se enfrenta as\u00ed a una posible destituci\u00f3n, luego de haber sido inicialmente suspendida por noventa d\u00edas a finales de mayo, tras desatarse un esc\u00e1ndalo por su participaci\u00f3n en un documental sobre el juicio por la muerte de Maradona, sobre el cual deb\u00eda fallar.<\/p>\n<p>Semanas despu\u00e9s, en julio, el Jurado de Enjuiciamiento decret\u00f3 el apartamiento preventivo e indefinido de la togada.<\/p>\n<p>El proceso que busc\u00f3 asignar responsabilidades por el fallecimiento del astro argentino, ocurrido en 2020, hab\u00eda comenzado el 11 de marzo de este a\u00f1o y registr\u00f3 un total de 21 audiencias y 44 declaraciones testimoniales, pero\u00a0<strong>fue anulado el pasado 29 de mayo por la recusaci\u00f3n de Makintach dos d\u00edas antes.<\/strong><\/p>\n<p>Tras la recusaci\u00f3n, la Fiscal\u00eda y los abogados de casi todas las partes argumentaron &#8220;contaminaci\u00f3n horizontal&#8221; y pidieron el apartamiento de los otros dos jueces del tribunal, Maximiliano Savarino y Ver\u00f3nica Di Tomasso, quienes aceptaron la solicitud y decretaron la nulidad del juicio.<\/p>\n<p>Makintanch hab\u00eda presentado la renuncia a su cargo en una carta dirigida al gobernador provincial Axel Kicillof, una medida que no ha entrado en vigor por el inicio de la investigaci\u00f3n que deriv\u00f3 en el inminente juicio pol\u00edtico.<\/p>\n<p>En la misiva, la jurista explic\u00f3 que la decisi\u00f3n de la renuncia \u201cse inscribe en el contexto de los hechos de p\u00fablico conocimiento que han generado un profundo impacto institucional y social, con consecuencias no deseadas\u201d.<\/p>\n<p><strong>Tras la anulaci\u00f3n del primer juicio, la Justicia argentina dio comienzo a un nuevo proceso el pasado 18 de julio con un nuevo tribunal<\/strong>, con el objetivo de determinar si ocho profesionales de la salud son culpables de homicidio simple por la muerte del exfutbolista.<\/p>\n<p>El debate, sin embargo, no ha comenzado hasta el momento, debido a cuestiones procedimentales y a la disconformidad de los abogados de al menos uno de los acusados con la conformaci\u00f3n del nuevo tribunal.<\/p>\n<p>&nbsp;<\/p>\n<p>&nbsp;<\/p>\n<p>Fuente: EFE<\/p>\n","protected":false},"excerpt":{"rendered":"<p>La jueza Julieta Makintach, recusada en mayo pasado mientras integraba el tribunal que adelantaba el juicio por la muerte del exfutbolista Diego Armando Maradona -por participar en un documental sobre el caso-,\u00a0ser\u00e1 sometida a un juicio pol\u00edtico por su accionar en dicho proceso judicial,\u00a0seg\u00fan decret\u00f3 este martes el jurado encargado de evaluar las acusaciones contra [&hellip;]<\/p>\n","protected":false},"author":2,"featured_media":227901,"comment_status":"closed","ping_status":"closed","sticky":false,"template":"","format":"standard","meta":{"footnotes":""},"categories":[188,12870],"tags":[5231,12865],"class_list":["post-227900","post","type-post","status-publish","format-standard","has-post-thumbnail","hentry","category-deportes","category-destacadas","tag-deportes","tag-destacadas"],"jetpack_featured_media_url":"https:\/\/rnoticias.com.mx\/Portal\/wp-content\/uploads\/2025\/08\/9838.jpg","amp_enabled":true,"_links":{"self":[{"href":"https:\/\/rnoticias.com.mx\/Portal\/wp-json\/wp\/v2\/posts\/227900","targetHints":{"allow":["GET"]}}],"collection":[{"href":"https:\/\/rnoticias.com.mx\/Portal\/wp-json\/wp\/v2\/posts"}],"about":[{"href":"https:\/\/rnoticias.com.mx\/Portal\/wp-json\/wp\/v2\/types\/post"}],"author":[{"embeddable":true,"href":"https:\/\/rnoticias.com.mx\/Portal\/wp-json\/wp\/v2\/users\/2"}],"replies":[{"embeddable":true,"href":"https:\/\/rnoticias.com.mx\/Portal\/wp-json\/wp\/v2\/comments?post=227900"}],"version-history":[{"count":1,"href":"https:\/\/rnoticias.com.mx\/Portal\/wp-json\/wp\/v2\/posts\/227900\/revisions"}],"predecessor-version":[{"id":227902,"href":"https:\/\/rnoticias.com.mx\/Portal\/wp-json\/wp\/v2\/posts\/227900\/revisions\/227902"}],"wp:featuredmedia":[{"embeddable":true,"href":"https:\/\/rnoticias.com.mx\/Portal\/wp-json\/wp\/v2\/media\/227901"}],"wp:attachment":[{"href":"https:\/\/rnoticias.com.mx\/Portal\/wp-json\/wp\/v2\/media?parent=227900"}],"wp:term":[{"taxonomy":"category","embeddable":true,"href":"https:\/\/rnoticias.com.mx\/Portal\/wp-json\/wp\/v2\/categories?post=227900"},{"taxonomy":"post_tag","embeddable":true,"href":"https:\/\/rnoticias.com.mx\/Portal\/wp-json\/wp\/v2\/tags?post=227900"}],"curies":[{"name":"wp","href":"https:\/\/api.w.org\/{rel}","templated":true}]}}