{"id":227854,"date":"2025-08-26T20:53:26","date_gmt":"2025-08-27T03:53:26","guid":{"rendered":"https:\/\/rnoticias.com.mx\/Portal\/?p=227854"},"modified":"2025-08-26T20:53:26","modified_gmt":"2025-08-27T03:53:26","slug":"recapturan-a-interno-que-se-fugo-del-cereso-1-de-hermosillo","status":"publish","type":"post","link":"https:\/\/rnoticias.com.mx\/Portal\/2025\/08\/26\/recapturan-a-interno-que-se-fugo-del-cereso-1-de-hermosillo\/","title":{"rendered":"Recapturan a interno que se fug\u00f3 del CERESO 1 de Hermosillo"},"content":{"rendered":"<article class=\"ei-articleBody__ArticleBody-sc-1wmd47a-0 bjpmmV ei-article-body-ctn\">\n<p class=\"ei-articleBody__StyledText-sc-1wmd47a-1 gXgyFY body-paragraph ei-article-body-text\">La Secretar\u00eda de Seguridad P\u00fablica del estado logr\u00f3 la captura de una persona que se hab\u00eda fugado del Centro de Reinserci\u00f3n Social (<a title=\"https:\/\/www.elimparcial.com\/tags\/cereso-hermosillo-1\/\" href=\"https:\/\/www.elimparcial.com\/tags\/cereso-hermosillo-1\/\" target=\"_blank\" rel=\"noopener noreferrer\"><b>CERESO<\/b><\/a>) Hermosillo 1,\u00a0<u>luego de que su ausencia fuera detectada durante el pase de lista rutinario en el \u00e1rea de celdas.<\/u><\/p>\n<p class=\"ei-articleBody__StyledText-sc-1wmd47a-1 gXgyFY body-paragraph ei-article-body-text\">De acuerdo con el reporte oficial, al percatarse de la evasi\u00f3n, las autoridades penitenciarias<b>\u00a0activaron de manera inmediata todos los protocolos de seguridad<\/b>. Se despleg\u00f3 un operativo coordinado que involucr\u00f3 a corporaciones policiacas de los tres \u00f3rdenes de gobierno (municipal, estatal y federal).<\/p>\n<p class=\"ei-articleBody__StyledText-sc-1wmd47a-1 gXgyFY body-paragraph ei-article-body-text\">Mediante el establecimiento de puntos de vigilancia, la ejecuci\u00f3n de acciones estrat\u00e9gicas y el intercambio de informaci\u00f3n en tiempo real, las fuerzas de seguridad consiguieron ubicar y aprehender al individuo pr\u00f3fugo en un breve lapso.<\/p>\n<p class=\"ei-articleBody__StyledText-sc-1wmd47a-1 gXgyFY body-paragraph ei-article-body-text\">La dependencia estatal inform\u00f3 que el detenido fue puesto a disposici\u00f3n del\u00a0<a title=\"https:\/\/www.elimparcial.com\/tags\/ministerio-pblico\/\" href=\"https:\/\/www.elimparcial.com\/tags\/ministerio-pblico\/\" target=\"_blank\" rel=\"noopener noreferrer\"><b>Ministerio P\u00fablico<\/b><\/a>\u00a0para que se realicen los tr\u00e1mites legales correspondientes por su evasi\u00f3n.<\/p>\n<p class=\"ei-articleBody__StyledText-sc-1wmd47a-1 gXgyFY body-paragraph ei-article-body-text\">En un comunicado,<u>\u00a0la Secretar\u00eda de Seguridad P\u00fablica refrend\u00f3 su compromiso de mantener y fortalecer la coordinaci\u00f3n interinstituciona<\/u>l, as\u00ed como las acciones de seguridad, con el objetivo de garantizar el orden al interior de los centros penitenciarios de Sonora.<\/p>\n<\/article>\n<div>\n<section>\n<div class=\"whatsappContent\">\n<div class=\"whatsappLine \">\n<div class=\"whatsappHeader \"><\/div>\n<\/div>\n<div class=\"whatsappBody\">Fuente: El Imparcial<\/div>\n<\/div>\n<\/section>\n<\/div>\n","protected":false},"excerpt":{"rendered":"<p>La Secretar\u00eda de Seguridad P\u00fablica del estado logr\u00f3 la captura de una persona que se hab\u00eda fugado del Centro de Reinserci\u00f3n Social (CERESO) Hermosillo 1,\u00a0luego de que su ausencia fuera detectada durante el pase de lista rutinario en el \u00e1rea de celdas. De acuerdo con el reporte oficial, al percatarse de la evasi\u00f3n, las autoridades [&hellip;]<\/p>\n","protected":false},"author":2,"featured_media":227856,"comment_status":"closed","ping_status":"closed","sticky":false,"template":"","format":"standard","meta":{"footnotes":""},"categories":[12870,178],"tags":[12865,12869],"class_list":["post-227854","post","type-post","status-publish","format-standard","has-post-thumbnail","hentry","category-destacadas","category-local","tag-destacadas","tag-local"],"jetpack_featured_media_url":"https:\/\/rnoticias.com.mx\/Portal\/wp-content\/uploads\/2025\/08\/snapshot-2.webp","amp_enabled":true,"_links":{"self":[{"href":"https:\/\/rnoticias.com.mx\/Portal\/wp-json\/wp\/v2\/posts\/227854","targetHints":{"allow":["GET"]}}],"collection":[{"href":"https:\/\/rnoticias.com.mx\/Portal\/wp-json\/wp\/v2\/posts"}],"about":[{"href":"https:\/\/rnoticias.com.mx\/Portal\/wp-json\/wp\/v2\/types\/post"}],"author":[{"embeddable":true,"href":"https:\/\/rnoticias.com.mx\/Portal\/wp-json\/wp\/v2\/users\/2"}],"replies":[{"embeddable":true,"href":"https:\/\/rnoticias.com.mx\/Portal\/wp-json\/wp\/v2\/comments?post=227854"}],"version-history":[{"count":1,"href":"https:\/\/rnoticias.com.mx\/Portal\/wp-json\/wp\/v2\/posts\/227854\/revisions"}],"predecessor-version":[{"id":227857,"href":"https:\/\/rnoticias.com.mx\/Portal\/wp-json\/wp\/v2\/posts\/227854\/revisions\/227857"}],"wp:featuredmedia":[{"embeddable":true,"href":"https:\/\/rnoticias.com.mx\/Portal\/wp-json\/wp\/v2\/media\/227856"}],"wp:attachment":[{"href":"https:\/\/rnoticias.com.mx\/Portal\/wp-json\/wp\/v2\/media?parent=227854"}],"wp:term":[{"taxonomy":"category","embeddable":true,"href":"https:\/\/rnoticias.com.mx\/Portal\/wp-json\/wp\/v2\/categories?post=227854"},{"taxonomy":"post_tag","embeddable":true,"href":"https:\/\/rnoticias.com.mx\/Portal\/wp-json\/wp\/v2\/tags?post=227854"}],"curies":[{"name":"wp","href":"https:\/\/api.w.org\/{rel}","templated":true}]}}