{"id":227848,"date":"2025-08-26T20:33:16","date_gmt":"2025-08-27T03:33:16","guid":{"rendered":"https:\/\/rnoticias.com.mx\/Portal\/?p=227848"},"modified":"2025-08-26T20:33:16","modified_gmt":"2025-08-27T03:33:16","slug":"hermosillo-registra-la-menor-tasa-de-desempleo-en-los-ultimos-24-anos","status":"publish","type":"post","link":"https:\/\/rnoticias.com.mx\/Portal\/2025\/08\/26\/hermosillo-registra-la-menor-tasa-de-desempleo-en-los-ultimos-24-anos\/","title":{"rendered":"Hermosillo registra la menor tasa de desempleo en los \u00faltimos 24 a\u00f1os"},"content":{"rendered":"<p>Hermosillo, Sonora; 26 de agosto, 2025.- Hermosillo reafirma su liderazgo en generaci\u00f3n de empleo al registrar durante el primer semestre del 2025, una tasa de desocupaci\u00f3n del 2.5% de acuerdo con el Instituto Nacional de Estad\u00edstica y Geograf\u00eda (INEGI), el nivel m\u00e1s bajo en los \u00faltimos 24 a\u00f1os.<\/p>\n<p>Oscar Gast\u00e9lum Donnadieu, director de la Agencia Municipal de Desarrollo Econ\u00f3mico (AMDE), explic\u00f3 que estas cifras no solo colocan a Hermosillo entre las ciudades con menor desocupaci\u00f3n en el norte del pa\u00eds, superando a ciudades como Chihuahua, Monterrey y Torre\u00f3n, sino tambi\u00e9n representan un dato hist\u00f3rico para la capital sonorense.<\/p>\n<p>\u201cLa confianza, la nueva infraestructura y el trabajo en equipo han sido la f\u00f3rmula para que, bajo el liderazgo del presidente municipal Antonio Astiazar\u00e1n, Hermosillo se transforme. Estos resultados se reflejan en empleos cada vez mejor pagados\u201d, agreg\u00f3.<\/p>\n<p>El comparativo de INEGI muestra un descenso en la tasa de desocupaci\u00f3n del 4.4% en el a\u00f1o 2020 al 2.5% en 2025 con una poblaci\u00f3n desocupada que pas\u00f3 de 18 mil 489 personas en 2020, a 11 mil 555 en el primer semestre del 2025.<\/p>\n<p>\u201cFalta mucho por hacer. Seguiremos impulsando actividades empresariales como Hermosillo 47, cr\u00e9ditos al emprendimiento, turismo, capacitaci\u00f3n para el autoempleo y apoyo a proyectos innovadores, entre otras acciones que fortalezcan este rubro\u201d, expres\u00f3.<\/p>\n<p>El Ayuntamiento de Hermosillo reiter\u00f3 su compromiso de seguir trabajando de manera coordinada con los distintos niveles de gobierno, el sector privado y la sociedad civil para aprovechar el potencial econ\u00f3mico del municipio.<\/p>\n","protected":false},"excerpt":{"rendered":"<p>Hermosillo, Sonora; 26 de agosto, 2025.- Hermosillo reafirma su liderazgo en generaci\u00f3n de empleo al registrar durante el primer semestre del 2025, una tasa de desocupaci\u00f3n del 2.5% de acuerdo con el Instituto Nacional de Estad\u00edstica y Geograf\u00eda (INEGI), el nivel m\u00e1s bajo en los \u00faltimos 24 a\u00f1os. Oscar Gast\u00e9lum Donnadieu, director de la Agencia [&hellip;]<\/p>\n","protected":false},"author":2,"featured_media":227849,"comment_status":"closed","ping_status":"closed","sticky":false,"template":"","format":"standard","meta":{"footnotes":""},"categories":[12870,178],"tags":[12865,12869],"class_list":["post-227848","post","type-post","status-publish","format-standard","has-post-thumbnail","hentry","category-destacadas","category-local","tag-destacadas","tag-local"],"jetpack_featured_media_url":"https:\/\/rnoticias.com.mx\/Portal\/wp-content\/uploads\/2025\/08\/bb1fe023-d480-49f5-a16b-8e9fd4ad3bcf-scaled.jpg","amp_enabled":true,"_links":{"self":[{"href":"https:\/\/rnoticias.com.mx\/Portal\/wp-json\/wp\/v2\/posts\/227848","targetHints":{"allow":["GET"]}}],"collection":[{"href":"https:\/\/rnoticias.com.mx\/Portal\/wp-json\/wp\/v2\/posts"}],"about":[{"href":"https:\/\/rnoticias.com.mx\/Portal\/wp-json\/wp\/v2\/types\/post"}],"author":[{"embeddable":true,"href":"https:\/\/rnoticias.com.mx\/Portal\/wp-json\/wp\/v2\/users\/2"}],"replies":[{"embeddable":true,"href":"https:\/\/rnoticias.com.mx\/Portal\/wp-json\/wp\/v2\/comments?post=227848"}],"version-history":[{"count":1,"href":"https:\/\/rnoticias.com.mx\/Portal\/wp-json\/wp\/v2\/posts\/227848\/revisions"}],"predecessor-version":[{"id":227850,"href":"https:\/\/rnoticias.com.mx\/Portal\/wp-json\/wp\/v2\/posts\/227848\/revisions\/227850"}],"wp:featuredmedia":[{"embeddable":true,"href":"https:\/\/rnoticias.com.mx\/Portal\/wp-json\/wp\/v2\/media\/227849"}],"wp:attachment":[{"href":"https:\/\/rnoticias.com.mx\/Portal\/wp-json\/wp\/v2\/media?parent=227848"}],"wp:term":[{"taxonomy":"category","embeddable":true,"href":"https:\/\/rnoticias.com.mx\/Portal\/wp-json\/wp\/v2\/categories?post=227848"},{"taxonomy":"post_tag","embeddable":true,"href":"https:\/\/rnoticias.com.mx\/Portal\/wp-json\/wp\/v2\/tags?post=227848"}],"curies":[{"name":"wp","href":"https:\/\/api.w.org\/{rel}","templated":true}]}}