{"id":227839,"date":"2025-08-26T20:22:39","date_gmt":"2025-08-27T03:22:39","guid":{"rendered":"https:\/\/rnoticias.com.mx\/Portal\/?p=227839"},"modified":"2025-08-26T20:22:40","modified_gmt":"2025-08-27T03:22:40","slug":"muertes-de-pugilistas-podrian-significar-el-final-del-boxeo-en-japon","status":"publish","type":"post","link":"https:\/\/rnoticias.com.mx\/Portal\/2025\/08\/26\/muertes-de-pugilistas-podrian-significar-el-final-del-boxeo-en-japon\/","title":{"rendered":"Muertes de pugilistas podr\u00edan significar el final del boxeo en Jap\u00f3n"},"content":{"rendered":"<p class=\"nota-justify\"><i>Tokio<\/i>. El boxeo podr\u00eda desaparecer en Jap\u00f3n si el pa\u00eds asi\u00e1tico no aplica las medidas adecuadas tras la muerte de dos p\u00fagiles este mismo mes, declar\u00f3 a AFP el presidente de la comisi\u00f3n nacional de este deporte.<\/p>\n<p class=\"nota-justify\">Shigetoshi Kotari e Hiromasa Urakawa, ambos de 28 a\u00f1os, participaron en dos combates en la misma velada celebrada en Tokio el 2 de agosto y fallecieron d\u00edas despu\u00e9s tras haber sido los dos sometidos a sendas operaciones en el cerebro.<\/p>\n<p class=\"nota-justify\">Otro boxeador, Kazuki Anaguchi, muri\u00f3 tambi\u00e9n en diciembre de 2023 tras otra pelea y Ginjiro Shigeoka, de 25 a\u00f1os, se encuentra en coma desde mayo tras desvanecerse en el transcurso de un combate en Osaka y ser operado del cerebro.<\/p>\n<p class=\"nota-justify\">La semana pasada, las autoridades anunciaron que un p\u00fagil amateur no hab\u00eda recuperado la consciencia dos semanas despu\u00e9s de haberse sometido a otra cirug\u00eda cerebral tras una sesi\u00f3n de entrenamiento.<\/p>\n<p class=\"nota-justify\">Estas muertes han afectado profundamente al boxeo japon\u00e9s, cuyos dirigentes investigan sus causas y estudian las medidas a tomar para evitar este tipo de tragedias.<\/p>\n<p class=\"nota-justify\">&#8220;Si no mejoramos las cosas, este deporte no podr\u00e1 continuar. Si las personas implicadas en este deporte no mejoran la situaci\u00f3n, tendremos que dejarlo&#8221;, admiti\u00f3 a AFP el secretario general de la Comisi\u00f3n Japonesa de Boxeo (JBC), Tsuyoshi Yasukochi.<\/p>\n<p class=\"nota-justify\">&#8220;Estamos en un momento crucial en el que un deporte centenario podr\u00eda desaparecer&#8221;, insisti\u00f3.<\/p>\n<p class=\"nota-justify\">Los dirigentes estudian medidas para hacer m\u00e1s seguro este deporte, como la introducci\u00f3n de test de orina para medir la deshidrataci\u00f3n, que se cree que es un factor que hace m\u00e1s vulnerable el cerebro a las hemorragias, y medidas m\u00e1s estrictas para controlar las r\u00e1pidas p\u00e9rdidas de peso de los boxeadores.<\/p>\n<p class=\"nota-justify\">El boxeo japon\u00e9s est\u00e1 &#8220;en una encrucijada&#8221;, seg\u00fan Yasukochi. &#8220;Algunos dir\u00e1n que es un deporte en el que estos accidentes pueden ocurrir, pero no podemos permitirnos pensar as\u00ed&#8221;, concluye.<\/p>\n<p>&nbsp;<\/p>\n<p>AFP<\/p>\n","protected":false},"excerpt":{"rendered":"<p>Tokio. El boxeo podr\u00eda desaparecer en Jap\u00f3n si el pa\u00eds asi\u00e1tico no aplica las medidas adecuadas tras la muerte de dos p\u00fagiles este mismo mes, declar\u00f3 a AFP el presidente de la comisi\u00f3n nacional de este deporte. Shigetoshi Kotari e Hiromasa Urakawa, ambos de 28 a\u00f1os, participaron en dos combates en la misma velada celebrada [&hellip;]<\/p>\n","protected":false},"author":2,"featured_media":227840,"comment_status":"closed","ping_status":"closed","sticky":false,"template":"","format":"standard","meta":{"footnotes":""},"categories":[188,12870],"tags":[5231,12865],"class_list":["post-227839","post","type-post","status-publish","format-standard","has-post-thumbnail","hentry","category-deportes","category-destacadas","tag-deportes","tag-destacadas"],"jetpack_featured_media_url":"https:\/\/rnoticias.com.mx\/Portal\/wp-content\/uploads\/2025\/08\/boxx-e1756221585433-150x150-1.jpeg","amp_enabled":true,"_links":{"self":[{"href":"https:\/\/rnoticias.com.mx\/Portal\/wp-json\/wp\/v2\/posts\/227839","targetHints":{"allow":["GET"]}}],"collection":[{"href":"https:\/\/rnoticias.com.mx\/Portal\/wp-json\/wp\/v2\/posts"}],"about":[{"href":"https:\/\/rnoticias.com.mx\/Portal\/wp-json\/wp\/v2\/types\/post"}],"author":[{"embeddable":true,"href":"https:\/\/rnoticias.com.mx\/Portal\/wp-json\/wp\/v2\/users\/2"}],"replies":[{"embeddable":true,"href":"https:\/\/rnoticias.com.mx\/Portal\/wp-json\/wp\/v2\/comments?post=227839"}],"version-history":[{"count":1,"href":"https:\/\/rnoticias.com.mx\/Portal\/wp-json\/wp\/v2\/posts\/227839\/revisions"}],"predecessor-version":[{"id":227841,"href":"https:\/\/rnoticias.com.mx\/Portal\/wp-json\/wp\/v2\/posts\/227839\/revisions\/227841"}],"wp:featuredmedia":[{"embeddable":true,"href":"https:\/\/rnoticias.com.mx\/Portal\/wp-json\/wp\/v2\/media\/227840"}],"wp:attachment":[{"href":"https:\/\/rnoticias.com.mx\/Portal\/wp-json\/wp\/v2\/media?parent=227839"}],"wp:term":[{"taxonomy":"category","embeddable":true,"href":"https:\/\/rnoticias.com.mx\/Portal\/wp-json\/wp\/v2\/categories?post=227839"},{"taxonomy":"post_tag","embeddable":true,"href":"https:\/\/rnoticias.com.mx\/Portal\/wp-json\/wp\/v2\/tags?post=227839"}],"curies":[{"name":"wp","href":"https:\/\/api.w.org\/{rel}","templated":true}]}}