{"id":227830,"date":"2025-08-26T19:35:12","date_gmt":"2025-08-27T02:35:12","guid":{"rendered":"https:\/\/rnoticias.com.mx\/Portal\/?p=227830"},"modified":"2025-08-26T19:35:12","modified_gmt":"2025-08-27T02:35:12","slug":"embovedado-en-nogales-creado-por-el-gobernador-durazo-protege-a-las-familias-y-cumple-con-su-funcion","status":"publish","type":"post","link":"https:\/\/rnoticias.com.mx\/Portal\/2025\/08\/26\/embovedado-en-nogales-creado-por-el-gobernador-durazo-protege-a-las-familias-y-cumple-con-su-funcion\/","title":{"rendered":"Embovedado en Nogales, creado por el gobernador Durazo, protege a las familias y cumple con su funci\u00f3n"},"content":{"rendered":"<p>Nogales, Sonora; 26 de agosto de 2025.\u2013 El embovedado en la avenida Tecnol\u00f3gico ha resultado efectivo al encauzar las aguas pluviales y reducir riesgos para las familias nogalenses, cumpliendo con el prop\u00f3sito de brindar seguridad y proteger el patrimonio de la poblaci\u00f3n, tal como lo impuls\u00f3 el gobernador Alfonso Durazo Monta\u00f1o.<\/p>\n<p>Para que esta obra opere a toda su capacidad, es indispensable evitar la acumulaci\u00f3n de basura en las calles, ya que, al ser arrastrada por el agua de lluvia, obstruye las rejillas e impide que cumplan con su funci\u00f3n.<\/p>\n<p>La jefa de la Oficina del Ejecutivo, Paulina Oca\u00f1a, destac\u00f3 que la obra cumple con su objetivo de proteger a la ciudad frente a lluvias intensas, pero subray\u00f3 que su funcionamiento \u00f3ptimo tambi\u00e9n depende del compromiso de todas y todos. Explic\u00f3 que, al abrir las rejillas para que el agua fluya hacia el embovedado, se detect\u00f3 una gran cantidad de basura dom\u00e9stica arrastrada desde las calles, lo que obstruy\u00f3 el sistema e impidi\u00f3 que operara al cien por ciento.<\/p>\n<p>Esta obra fue impulsada por el gobernador Alfonso Durazo con la visi\u00f3n de proteger a Nogales de tragedias que durante a\u00f1os fueron ignoradas; sin embargo, es necesaria la participaci\u00f3n de toda la ciudadan\u00eda para mantener las calles limpias y permitir que las rejillas cumplan con su prop\u00f3sito.<\/p>\n<p>El embovedado est\u00e1 dise\u00f1ado para resistir lluvias intensas, pero, para garantizar su funcionamiento pleno, es fundamental la colaboraci\u00f3n ciudadana evitando tirar basura en la v\u00eda p\u00fablica.<\/p>\n","protected":false},"excerpt":{"rendered":"<p>Nogales, Sonora; 26 de agosto de 2025.\u2013 El embovedado en la avenida Tecnol\u00f3gico ha resultado efectivo al encauzar las aguas pluviales y reducir riesgos para las familias nogalenses, cumpliendo con el prop\u00f3sito de brindar seguridad y proteger el patrimonio de la poblaci\u00f3n, tal como lo impuls\u00f3 el gobernador Alfonso Durazo Monta\u00f1o. Para que esta obra [&hellip;]<\/p>\n","protected":false},"author":2,"featured_media":227831,"comment_status":"closed","ping_status":"closed","sticky":false,"template":"","format":"standard","meta":{"footnotes":""},"categories":[12870,174],"tags":[12865,12873],"class_list":["post-227830","post","type-post","status-publish","format-standard","has-post-thumbnail","hentry","category-destacadas","category-estatal","tag-destacadas","tag-estatal"],"jetpack_featured_media_url":"https:\/\/rnoticias.com.mx\/Portal\/wp-content\/uploads\/2025\/08\/unnamed-85.jpg","amp_enabled":true,"_links":{"self":[{"href":"https:\/\/rnoticias.com.mx\/Portal\/wp-json\/wp\/v2\/posts\/227830","targetHints":{"allow":["GET"]}}],"collection":[{"href":"https:\/\/rnoticias.com.mx\/Portal\/wp-json\/wp\/v2\/posts"}],"about":[{"href":"https:\/\/rnoticias.com.mx\/Portal\/wp-json\/wp\/v2\/types\/post"}],"author":[{"embeddable":true,"href":"https:\/\/rnoticias.com.mx\/Portal\/wp-json\/wp\/v2\/users\/2"}],"replies":[{"embeddable":true,"href":"https:\/\/rnoticias.com.mx\/Portal\/wp-json\/wp\/v2\/comments?post=227830"}],"version-history":[{"count":1,"href":"https:\/\/rnoticias.com.mx\/Portal\/wp-json\/wp\/v2\/posts\/227830\/revisions"}],"predecessor-version":[{"id":227832,"href":"https:\/\/rnoticias.com.mx\/Portal\/wp-json\/wp\/v2\/posts\/227830\/revisions\/227832"}],"wp:featuredmedia":[{"embeddable":true,"href":"https:\/\/rnoticias.com.mx\/Portal\/wp-json\/wp\/v2\/media\/227831"}],"wp:attachment":[{"href":"https:\/\/rnoticias.com.mx\/Portal\/wp-json\/wp\/v2\/media?parent=227830"}],"wp:term":[{"taxonomy":"category","embeddable":true,"href":"https:\/\/rnoticias.com.mx\/Portal\/wp-json\/wp\/v2\/categories?post=227830"},{"taxonomy":"post_tag","embeddable":true,"href":"https:\/\/rnoticias.com.mx\/Portal\/wp-json\/wp\/v2\/tags?post=227830"}],"curies":[{"name":"wp","href":"https:\/\/api.w.org\/{rel}","templated":true}]}}