{"id":227821,"date":"2025-08-26T19:27:52","date_gmt":"2025-08-27T02:27:52","guid":{"rendered":"https:\/\/rnoticias.com.mx\/Portal\/?p=227821"},"modified":"2025-08-26T19:27:52","modified_gmt":"2025-08-27T02:27:52","slug":"ine-pone-a-disposicion-credenciales-para-votar-resguardadas-por-el-proceso-electoral-extraordinario-del-poder-judicial","status":"publish","type":"post","link":"https:\/\/rnoticias.com.mx\/Portal\/2025\/08\/26\/ine-pone-a-disposicion-credenciales-para-votar-resguardadas-por-el-proceso-electoral-extraordinario-del-poder-judicial\/","title":{"rendered":"INE pone a disposici\u00f3n credenciales para votar resguardadas por el Proceso Electoral Extraordinario del Poder Judicial"},"content":{"rendered":"<p class=\"x_MsoNormal\"><span data-olk-copy-source=\"MessageBody\">El Instituto Nacional Electoral dio a conocer que ya est\u00e1n disponibles las Credenciales para Votar que no fueron entregadas a sus titulares antes de las elecciones del pasado 1 de junio.<\/span><\/p>\n<p class=\"x_MsoNormal\">\n<p class=\"x_MsoNormal\">La Junta Local Ejecutiva en Sonora del Instituto Nacional Electoral inform\u00f3 que las INE que quedaron resguardadas durante el Proceso Electoral Extraordinario del Poder Judicial Federal 2024 \u2013 2025, ya est\u00e1n en los M\u00f3dulos en los que fueron solicitadas, para que sus titulares puedan ir por ellas.<\/p>\n<p class=\"x_MsoNormal\">\n<p class=\"x_MsoNormal\">Actualmente se encuentran en los m\u00f3dulos de la entidad 16mil ,705 credenciales que no han sido recogidas.<\/p>\n<p class=\"x_MsoNormal\">\n<div align=\"center\">\n<table class=\"x_MsoTableGrid\" border=\"1\" cellspacing=\"0\" cellpadding=\"0\">\n<tbody>\n<tr>\n<td valign=\"top\" width=\"236\">\n<p class=\"x_MsoNormal\" align=\"center\"><b>Distrito<\/b><b><\/b><\/p>\n<\/td>\n<td valign=\"top\" width=\"353\">\n<p class=\"x_MsoNormal\" align=\"center\"><b>Credenciales sin recoger<\/b><b><\/b><\/p>\n<\/td>\n<\/tr>\n<tr>\n<td valign=\"top\" width=\"236\">\n<p class=\"x_MsoNormal\">01 San Luis R\u00edo Colorado<\/p>\n<\/td>\n<td valign=\"bottom\" width=\"353\">\n<p class=\"x_MsoNormal\" align=\"center\">2,706<\/p>\n<\/td>\n<\/tr>\n<tr>\n<td valign=\"top\" width=\"236\">\n<p class=\"x_MsoNormal\">02 Nogales<\/p>\n<\/td>\n<td valign=\"bottom\" width=\"353\">\n<p class=\"x_MsoNormal\" align=\"center\">3,113<\/p>\n<\/td>\n<\/tr>\n<tr>\n<td valign=\"top\" width=\"236\">\n<p class=\"x_MsoNormal\">03 Hermosillo Norte<\/p>\n<\/td>\n<td valign=\"bottom\" width=\"353\">\n<p class=\"x_MsoNormal\" align=\"center\">2,637<\/p>\n<\/td>\n<\/tr>\n<tr>\n<td valign=\"top\" width=\"236\">\n<p class=\"x_MsoNormal\">04 Guaymas<\/p>\n<\/td>\n<td valign=\"bottom\" width=\"353\">\n<p class=\"x_MsoNormal\" align=\"center\">1,575<\/p>\n<\/td>\n<\/tr>\n<tr>\n<td valign=\"top\" width=\"236\">\n<p class=\"x_MsoNormal\">05 Hermosillo Sur<\/p>\n<\/td>\n<td valign=\"bottom\" width=\"353\">\n<p class=\"x_MsoNormal\" align=\"center\">2,829<\/p>\n<\/td>\n<\/tr>\n<tr>\n<td valign=\"top\" width=\"236\">\n<p class=\"x_MsoNormal\">06 Ciudad Obreg\u00f3n<\/p>\n<\/td>\n<td valign=\"bottom\" width=\"353\">\n<p class=\"x_MsoNormal\" align=\"center\">2,153<\/p>\n<\/td>\n<\/tr>\n<tr>\n<td valign=\"top\" width=\"236\">\n<p class=\"x_MsoNormal\">07 Navojoa<\/p>\n<\/td>\n<td valign=\"bottom\" width=\"353\">\n<p class=\"x_MsoNormal\" align=\"center\">1,692<\/p>\n<\/td>\n<\/tr>\n<\/tbody>\n<\/table>\n<\/div>\n<p class=\"x_MsoNormal\" aria-hidden=\"true\">\n<p class=\"x_MsoNormal\">Sobre el particular, la Junta Local Ejecutiva en Sonora mencion\u00f3 que recogerlas es muy f\u00e1cil y r\u00e1pido, ya que la ciudadan\u00eda no necesita llevar documentos porque se le identificar\u00e1 a trav\u00e9s de sus huellas digitales.<\/p>\n<p class=\"x_MsoNormal\">\n<p class=\"x_MsoNormal\">Finalmente, la Junta Local Ejecutiva en Sonora se\u00f1al\u00f3 que estas INE estar\u00e1n a disposici\u00f3n en el mismo M\u00f3dulo en el que se realiz\u00f3 su tr\u00e1mite.<\/p>\n","protected":false},"excerpt":{"rendered":"<p>El Instituto Nacional Electoral dio a conocer que ya est\u00e1n disponibles las Credenciales para Votar que no fueron entregadas a sus titulares antes de las elecciones del pasado 1 de junio. La Junta Local Ejecutiva en Sonora del Instituto Nacional Electoral inform\u00f3 que las INE que quedaron resguardadas durante el Proceso Electoral Extraordinario del Poder [&hellip;]<\/p>\n","protected":false},"author":2,"featured_media":227822,"comment_status":"closed","ping_status":"closed","sticky":false,"template":"","format":"standard","meta":{"footnotes":""},"categories":[12870,12868],"tags":[12865,12879],"class_list":["post-227821","post","type-post","status-publish","format-standard","has-post-thumbnail","hentry","category-destacadas","category-politica","tag-destacadas","tag-politica"],"jetpack_featured_media_url":"https:\/\/rnoticias.com.mx\/Portal\/wp-content\/uploads\/2025\/08\/MAC-05-3.jpeg","amp_enabled":true,"_links":{"self":[{"href":"https:\/\/rnoticias.com.mx\/Portal\/wp-json\/wp\/v2\/posts\/227821","targetHints":{"allow":["GET"]}}],"collection":[{"href":"https:\/\/rnoticias.com.mx\/Portal\/wp-json\/wp\/v2\/posts"}],"about":[{"href":"https:\/\/rnoticias.com.mx\/Portal\/wp-json\/wp\/v2\/types\/post"}],"author":[{"embeddable":true,"href":"https:\/\/rnoticias.com.mx\/Portal\/wp-json\/wp\/v2\/users\/2"}],"replies":[{"embeddable":true,"href":"https:\/\/rnoticias.com.mx\/Portal\/wp-json\/wp\/v2\/comments?post=227821"}],"version-history":[{"count":1,"href":"https:\/\/rnoticias.com.mx\/Portal\/wp-json\/wp\/v2\/posts\/227821\/revisions"}],"predecessor-version":[{"id":227823,"href":"https:\/\/rnoticias.com.mx\/Portal\/wp-json\/wp\/v2\/posts\/227821\/revisions\/227823"}],"wp:featuredmedia":[{"embeddable":true,"href":"https:\/\/rnoticias.com.mx\/Portal\/wp-json\/wp\/v2\/media\/227822"}],"wp:attachment":[{"href":"https:\/\/rnoticias.com.mx\/Portal\/wp-json\/wp\/v2\/media?parent=227821"}],"wp:term":[{"taxonomy":"category","embeddable":true,"href":"https:\/\/rnoticias.com.mx\/Portal\/wp-json\/wp\/v2\/categories?post=227821"},{"taxonomy":"post_tag","embeddable":true,"href":"https:\/\/rnoticias.com.mx\/Portal\/wp-json\/wp\/v2\/tags?post=227821"}],"curies":[{"name":"wp","href":"https:\/\/api.w.org\/{rel}","templated":true}]}}