{"id":227818,"date":"2025-08-26T19:23:46","date_gmt":"2025-08-27T02:23:46","guid":{"rendered":"https:\/\/rnoticias.com.mx\/Portal\/?p=227818"},"modified":"2025-08-26T19:23:46","modified_gmt":"2025-08-27T02:23:46","slug":"con-jornada-de-descacharre-conmemora-ayuntamiento-de-hermosillo-dia-mundial-de-la-lucha-contra-el-dengue","status":"publish","type":"post","link":"https:\/\/rnoticias.com.mx\/Portal\/2025\/08\/26\/con-jornada-de-descacharre-conmemora-ayuntamiento-de-hermosillo-dia-mundial-de-la-lucha-contra-el-dengue\/","title":{"rendered":"Con jornada de descacharre conmemora Ayuntamiento de Hermosillo D\u00eda Mundial de la Lucha contra el Dengue"},"content":{"rendered":"<p><b data-olk-copy-source=\"MessageBody\">Hermosillo, Sonora; 26 de agosto de 2025.-<\/b>Residentes de la colonia Privadas del Real, en el norponiente de Hermosillo, se beneficiaron con la jornada de descacharre, servicios y atenci\u00f3n primaria a la salud que Salud P\u00fablica Municipal organiz\u00f3 para conmemorar en la localidad el D\u00eda Mundial de la Lucha contra el Dengue.<\/p>\n<p aria-hidden=\"true\">\n<p>\u201cLa Organizaci\u00f3n Mundial de la Salud decidi\u00f3 que este d\u00eda a nivel mundial se conmemorara esta fecha precisamente para recordarnos que es una enfermedad que est\u00e1 con nosotros, que ya no solamente existe en climas tropicales, hoy ya est\u00e1 en el desierto, est\u00e1 en los bosques, est\u00e1 en la Ciudad de M\u00e9xico, est\u00e1 en diferentes lugares donde el mosquito ha tenido una gran adaptaci\u00f3n para poder llegar y poderse reproducir\u201d, relat\u00f3 Luis Becerra Hurtado, director general de dicha dependencia.<\/p>\n<p aria-hidden=\"true\">\n<p>Destac\u00f3 la participaci\u00f3n de la Secretar\u00eda de Salud del Estado de Sonora en las acciones que se desarrollan en el municipio para combatir la proliferaci\u00f3n de mosquitos de la variedad Aedes aegypti, que son vectores en la transmisi\u00f3n tanto de dengue como de zika y chikungunya a los humanos.<\/p>\n<p aria-hidden=\"true\">\n<p>Detall\u00f3 que el despliegue en la colonia Privadas del Real incluy\u00f3 una jornada de descacharre, una de las principales estrategias para combatir criaderos de moscos, y que se complementa con la fumigaci\u00f3n aeroespacial a cargo de la Secretar\u00eda de Salud Estatal para eliminar a los insectos adultos.<\/p>\n<p aria-hidden=\"true\">\n<p>\u201cLa colaboraci\u00f3n se trata de unir fuerzas entre los distintos sectores con el fin com\u00fan que es ayudar a la ciudadan\u00eda, en nuestro caso particular en el control y la prevenci\u00f3n de las enfermedades transmitidas por vector\u201d, explic\u00f3 por su parte Luis Machado, responsable de vectores en el Distrito 1 de la Secretar\u00eda de Salud de Sonora.<\/p>\n<p aria-hidden=\"true\">\n<p>Revel\u00f3 que las \u00e1reas de salud de ambos niveles de gobierno mantienen una estrecha coordinaci\u00f3n desde 2021 y esa din\u00e1mica de colaboraci\u00f3n continuar\u00e1 fortaleci\u00e9ndose en beneficio de la poblaci\u00f3n.<\/p>\n<p aria-hidden=\"true\">\n<p>\u201cLava, Tapa y Voltea\u201d son las tres acciones con que la ciudadan\u00eda puede contribuir al control tanto del dengue como del zika y chikungunya, aplic\u00e1ndolas a los cacharros expuestos a la intemperie, ya que son potenciales criaderos del mosquito que interviene en la transmisi\u00f3n de esas tres enfermedades, coincidieron ambos funcionarios.<\/p>\n<p aria-hidden=\"true\">\n<p>La jornada de servicios m\u00e9dicos de esta ocasi\u00f3n incluy\u00f3 consultas m\u00e9dicas y odontol\u00f3gicas, de psicolog\u00eda y salud mental, detecci\u00f3n de enfermedades cr\u00f3nico-degenerativas y ex\u00e1menes de la vista, con apoyo de la cl\u00ednica m\u00f3vil Salud H.<\/p>\n<p aria-hidden=\"true\">\n<p>Adicionalmente, se instal\u00f3 un m\u00f3dulo de Agua de Hermosillo y otro de Huellita Segura, un programa municipal que invita al registro de animales de compa\u00f1\u00eda desde la App Hermosillo Gob. Dicho registro genera un c\u00f3digo QR individual de cada animalito, el cual, en caso de extrav\u00edo, conduce a los datos de localizaci\u00f3n de la persona propietaria.<\/p>\n<p aria-hidden=\"true\">\n","protected":false},"excerpt":{"rendered":"<p>Hermosillo, Sonora; 26 de agosto de 2025.-Residentes de la colonia Privadas del Real, en el norponiente de Hermosillo, se beneficiaron con la jornada de descacharre, servicios y atenci\u00f3n primaria a la salud que Salud P\u00fablica Municipal organiz\u00f3 para conmemorar en la localidad el D\u00eda Mundial de la Lucha contra el Dengue. \u201cLa Organizaci\u00f3n Mundial de [&hellip;]<\/p>\n","protected":false},"author":2,"featured_media":227819,"comment_status":"closed","ping_status":"closed","sticky":false,"template":"","format":"standard","meta":{"footnotes":""},"categories":[12870,178],"tags":[12865,12869],"class_list":["post-227818","post","type-post","status-publish","format-standard","has-post-thumbnail","hentry","category-destacadas","category-local","tag-destacadas","tag-local"],"jetpack_featured_media_url":"https:\/\/rnoticias.com.mx\/Portal\/wp-content\/uploads\/2025\/08\/89998.jpeg","amp_enabled":true,"_links":{"self":[{"href":"https:\/\/rnoticias.com.mx\/Portal\/wp-json\/wp\/v2\/posts\/227818","targetHints":{"allow":["GET"]}}],"collection":[{"href":"https:\/\/rnoticias.com.mx\/Portal\/wp-json\/wp\/v2\/posts"}],"about":[{"href":"https:\/\/rnoticias.com.mx\/Portal\/wp-json\/wp\/v2\/types\/post"}],"author":[{"embeddable":true,"href":"https:\/\/rnoticias.com.mx\/Portal\/wp-json\/wp\/v2\/users\/2"}],"replies":[{"embeddable":true,"href":"https:\/\/rnoticias.com.mx\/Portal\/wp-json\/wp\/v2\/comments?post=227818"}],"version-history":[{"count":1,"href":"https:\/\/rnoticias.com.mx\/Portal\/wp-json\/wp\/v2\/posts\/227818\/revisions"}],"predecessor-version":[{"id":227820,"href":"https:\/\/rnoticias.com.mx\/Portal\/wp-json\/wp\/v2\/posts\/227818\/revisions\/227820"}],"wp:featuredmedia":[{"embeddable":true,"href":"https:\/\/rnoticias.com.mx\/Portal\/wp-json\/wp\/v2\/media\/227819"}],"wp:attachment":[{"href":"https:\/\/rnoticias.com.mx\/Portal\/wp-json\/wp\/v2\/media?parent=227818"}],"wp:term":[{"taxonomy":"category","embeddable":true,"href":"https:\/\/rnoticias.com.mx\/Portal\/wp-json\/wp\/v2\/categories?post=227818"},{"taxonomy":"post_tag","embeddable":true,"href":"https:\/\/rnoticias.com.mx\/Portal\/wp-json\/wp\/v2\/tags?post=227818"}],"curies":[{"name":"wp","href":"https:\/\/api.w.org\/{rel}","templated":true}]}}