{"id":227815,"date":"2025-08-26T19:07:48","date_gmt":"2025-08-27T02:07:48","guid":{"rendered":"https:\/\/rnoticias.com.mx\/Portal\/?p=227815"},"modified":"2025-08-26T19:07:48","modified_gmt":"2025-08-27T02:07:48","slug":"acuerdan-ine-y-comision-presidencial-para-la-reforma-electoral-trabajo-conjunto","status":"publish","type":"post","link":"https:\/\/rnoticias.com.mx\/Portal\/2025\/08\/26\/acuerdan-ine-y-comision-presidencial-para-la-reforma-electoral-trabajo-conjunto\/","title":{"rendered":"Acuerdan INE y Comisi\u00f3n Presidencial para la Reforma Electoral trabajo conjunto"},"content":{"rendered":"<p class=\"x_MsoNormal\"><span data-olk-copy-source=\"MessageBody\">En la sede de la Secretar\u00eda de Gobernaci\u00f3n, consejeras y consejeros integrantes del Consejo General del Instituto Nacional Electoral (INE), sostuvieron una reuni\u00f3n de trabajo con la Comisi\u00f3n Presidencial para la Reforma Electoral.<\/span><\/p>\n<p class=\"x_MsoNormal\">\n<p class=\"x_MsoNormal\">Los asistentes manifestaron coincidencias en esta primera reuni\u00f3n, entre las que destaca una reforma que fortalezca el sistema electoral mexicano, as\u00ed como su compromiso y responsabilidad en los trabajos que se realizar\u00e1n.<\/p>\n<p class=\"x_MsoNormal\">\n<p class=\"x_MsoNormal\">Se acord\u00f3 crear un grupo permanente de trabajo que d\u00e9 seguimiento y estructura t\u00e9cnica a los temas, as\u00ed como un listado de contenidos electorales espec\u00edficos a analizar.<\/p>\n<p class=\"x_MsoNormal\">\n<p class=\"x_MsoNormal\">En el encuentro, la Consejera Presidenta, Guadalupe Taddei Zavala, acompa\u00f1ada de las y los consejeros, sostuvo que el INE est\u00e1 comprometido en aportar datos t\u00e9cnicos y operativos.<\/p>\n<p class=\"x_MsoNormal\">\n<p class=\"x_MsoNormal\">Estableci\u00f3 que al INE le ocupa la parte t\u00e9cnica y operativa de los procesos electorales y debe dar a los ciudadanos la confianza de que lo que se establezca en la reforma electoral se puede operar con garant\u00eda.<\/p>\n<p class=\"x_MsoNormal\">\n<p class=\"x_MsoNormal\">Estuvieron presentes el presidente de la Comisi\u00f3n Presidencial para la Reforma Electoral, Pablo G\u00f3mez \u00c1lvarez, as\u00ed como sus integrantes: la Secretaria de Gobernaci\u00f3n, Rosa Icela Rodr\u00edguez Vel\u00e1zquez; el Titular de la Agencia de Transformaci\u00f3n Digital y Telecomunicaciones, Jos\u00e9 Antonio Pe\u00f1a Merino; el Jefe de la Oficina de la Presidencia de la Rep\u00fablica, L\u00e1zaro C\u00e1rdenas Batel; el Coordinador de Asesores de la Presidencia de la Rep\u00fablica, Jes\u00fas Ram\u00edrez Cuevas, y el Coordinador General de Pol\u00edtica y Gobierno de la Oficina de la Presidencia de la Rep\u00fablica, Arturo Zald\u00edvar Lelo de Larrea.<\/p>\n<p class=\"x_MsoNormal\">\n<p class=\"x_MsoNormal\">En la biblioteca de la Secretar\u00eda de Gobernaci\u00f3n, tambi\u00e9n se cont\u00f3 con la presencia de las consejeras Rita Bell L\u00f3pez Vences, Claudia Zavala P\u00e9rez, Norma De La Cruz Maga\u00f1a y los consejeros Mart\u00edn Faz Mora, Jorge Monta\u00f1o Ventura, Arturo Castillo Loza y Uuc-kib Espadas Ancona, as\u00ed como de la Secretaria Ejecutiva, Claudia Arlett Espino.<\/p>\n<p class=\"x_MsoNormal\">\n<p class=\"x_MsoNormal\">Los temas que se abordaron en la reuni\u00f3n por parte del INE fueron: organizaci\u00f3n de los procesos electorales y concurrencia de comicios ordinarios con los judiciales; tiempos en los que se ejecutar\u00eda la reforma electoral y calendarios electorales; el dise\u00f1o de la educaci\u00f3n c\u00edvica; la especializaci\u00f3n t\u00e9cnica y operativa del personal; el uso de nuevas tecnolog\u00edas; fiscalizaci\u00f3n; la importancia de que la reforma electoral se fortalezca con base en un trabajo conjunto; la autonom\u00eda legal y financiera; transparencia y, el modelo de comunicaci\u00f3n pol\u00edtica, entre otros.<\/p>\n","protected":false},"excerpt":{"rendered":"<p>En la sede de la Secretar\u00eda de Gobernaci\u00f3n, consejeras y consejeros integrantes del Consejo General del Instituto Nacional Electoral (INE), sostuvieron una reuni\u00f3n de trabajo con la Comisi\u00f3n Presidencial para la Reforma Electoral. Los asistentes manifestaron coincidencias en esta primera reuni\u00f3n, entre las que destaca una reforma que fortalezca el sistema electoral mexicano, as\u00ed como [&hellip;]<\/p>\n","protected":false},"author":2,"featured_media":227816,"comment_status":"closed","ping_status":"closed","sticky":false,"template":"","format":"standard","meta":{"footnotes":""},"categories":[12870,12868],"tags":[12865,12879],"class_list":["post-227815","post","type-post","status-publish","format-standard","has-post-thumbnail","hentry","category-destacadas","category-politica","tag-destacadas","tag-politica"],"jetpack_featured_media_url":"https:\/\/rnoticias.com.mx\/Portal\/wp-content\/uploads\/2025\/08\/1000710974.jpg","amp_enabled":true,"_links":{"self":[{"href":"https:\/\/rnoticias.com.mx\/Portal\/wp-json\/wp\/v2\/posts\/227815","targetHints":{"allow":["GET"]}}],"collection":[{"href":"https:\/\/rnoticias.com.mx\/Portal\/wp-json\/wp\/v2\/posts"}],"about":[{"href":"https:\/\/rnoticias.com.mx\/Portal\/wp-json\/wp\/v2\/types\/post"}],"author":[{"embeddable":true,"href":"https:\/\/rnoticias.com.mx\/Portal\/wp-json\/wp\/v2\/users\/2"}],"replies":[{"embeddable":true,"href":"https:\/\/rnoticias.com.mx\/Portal\/wp-json\/wp\/v2\/comments?post=227815"}],"version-history":[{"count":1,"href":"https:\/\/rnoticias.com.mx\/Portal\/wp-json\/wp\/v2\/posts\/227815\/revisions"}],"predecessor-version":[{"id":227817,"href":"https:\/\/rnoticias.com.mx\/Portal\/wp-json\/wp\/v2\/posts\/227815\/revisions\/227817"}],"wp:featuredmedia":[{"embeddable":true,"href":"https:\/\/rnoticias.com.mx\/Portal\/wp-json\/wp\/v2\/media\/227816"}],"wp:attachment":[{"href":"https:\/\/rnoticias.com.mx\/Portal\/wp-json\/wp\/v2\/media?parent=227815"}],"wp:term":[{"taxonomy":"category","embeddable":true,"href":"https:\/\/rnoticias.com.mx\/Portal\/wp-json\/wp\/v2\/categories?post=227815"},{"taxonomy":"post_tag","embeddable":true,"href":"https:\/\/rnoticias.com.mx\/Portal\/wp-json\/wp\/v2\/tags?post=227815"}],"curies":[{"name":"wp","href":"https:\/\/api.w.org\/{rel}","templated":true}]}}