{"id":227811,"date":"2025-08-26T18:50:08","date_gmt":"2025-08-27T01:50:08","guid":{"rendered":"https:\/\/rnoticias.com.mx\/Portal\/?p=227811"},"modified":"2025-08-26T18:50:08","modified_gmt":"2025-08-27T01:50:08","slug":"se-presentaran-los-avances-en-la-investigacion-del-proyecto-un-hilo-invisible-roles-femeninos-en-el-rio-sonora-y-la-conformacion-del-estado-de-sonora-1800-1850","status":"publish","type":"post","link":"https:\/\/rnoticias.com.mx\/Portal\/2025\/08\/26\/se-presentaran-los-avances-en-la-investigacion-del-proyecto-un-hilo-invisible-roles-femeninos-en-el-rio-sonora-y-la-conformacion-del-estado-de-sonora-1800-1850\/","title":{"rendered":"Se presentar\u00e1n los avances en la investigaci\u00f3n del proyecto \u201cUn hilo invisible: roles femeninos en el Rio Sonora y la conformaci\u00f3n del Estado de Sonora, 1800-1850\u201d."},"content":{"rendered":"<div class=\"x_elementToProof\"><b data-olk-copy-source=\"MessageBody\">26 de agosto de 2025, Hermosillo, Sonora<\/b>\u00a0\u2014 El Instituto Nacional de Antropolog\u00eda e Historia en Sonora, en el mes de celebraci\u00f3n del 52 aniversario de la fundaci\u00f3n del Centro Regional del Noroeste, invita el pr\u00f3ximo viernes 29 de agosto, 2025, a la presentaci\u00f3n de la octava Edici\u00f3n del Noveno Ciclo de Conferencias \u201cTardes de Caf\u00e9INAH\u201d, con una charla titulada \u201cMujeres en el R\u00edo Sonora, 1821\u20131850\u201d, impartida por la Dr. Delia Mar\u00eda Pi\u00f1a Aguirre.<\/div>\n<div class=\"x_elementToProof\"><\/div>\n<div class=\"x_elementToProof\">En el marco del proyecto\u00a0<i>\u201cUn hilo invisible: roles femeninos en el R\u00edo Sonora y la conformaci\u00f3n del Estado de Sonora, 1800-1850\u201d<\/i>, se han desarrollado diversas actividades de investigaci\u00f3n encaminadas a recuperar y visibilizar la participaci\u00f3n de las mujeres en los procesos de formaci\u00f3n social, econ\u00f3mica y pol\u00edtica del noroeste de M\u00e9xico. A trav\u00e9s de consultas documentales en el Archivo General del Estado de Sonora, se ha llevado a cabo un an\u00e1lisis detallado de los registros de propiedad correspondientes al periodo comprendido entre 1821 y 1850. Dicho periodo reviste especial importancia, al situarse en la transici\u00f3n de la vida colonial hacia la consolidaci\u00f3n del Estado nacional, momento en el que se redefinieron las estructuras de poder, los marcos legales y las pr\u00e1cticas sociales.<\/p>\n<\/div>\n<div class=\"x_elementToProof\">De esta manera, se propone un ejercicio de reflexi\u00f3n que no s\u00f3lo contribuye a ampliar la comprensi\u00f3n hist\u00f3rica de la regi\u00f3n, sino que tambi\u00e9n invita a reconocer la presencia femenina como parte activa en la construcci\u00f3n de las comunidades del R\u00edo Sonora. El estudio de estos documentos permite valorar c\u00f3mo, en medio de los cambios estructurales que marcaron la primera mitad del siglo XIX, las mujeres fueron part\u00edcipes \u2014aunque de manera muchas veces silenciosa\u2014 de los procesos que sentaron las bases del orden social y econ\u00f3mico del estado moderno.<\/p>\n<\/div>\n<div class=\"x_elementToProof\">Las conferencias CAF\u00c9INAH son realizadas el \u00faltimo viernes de cada mes con el objetivo de acercar las \u00faltimas actividades, acciones y programas que el INAH desarrolla en torno a la preservaci\u00f3n y divulgaci\u00f3n del patrimonio cultural de Sonora.<\/p>\n<\/div>\n<div class=\"x_elementToProof\">La invitaci\u00f3n est\u00e1 dirigida a todo p\u00fablico de manera presencia el pr\u00f3ximo viernes 29 de agosto, a las 17:00 horas de Sonora, en las instalaciones de la sala de lectura de la biblioteca Ernesto L\u00f3pez Yescas del Museo Regional de Sonora, Antigua Penitenciaria (Calle Jes\u00fas Garc\u00eda Final s\/n Col. La Matanza)<\/div>\n","protected":false},"excerpt":{"rendered":"<p>26 de agosto de 2025, Hermosillo, Sonora\u00a0\u2014 El Instituto Nacional de Antropolog\u00eda e Historia en Sonora, en el mes de celebraci\u00f3n del 52 aniversario de la fundaci\u00f3n del Centro Regional del Noroeste, invita el pr\u00f3ximo viernes 29 de agosto, 2025, a la presentaci\u00f3n de la octava Edici\u00f3n del Noveno Ciclo de Conferencias \u201cTardes de Caf\u00e9INAH\u201d, [&hellip;]<\/p>\n","protected":false},"author":2,"featured_media":227812,"comment_status":"closed","ping_status":"closed","sticky":false,"template":"","format":"standard","meta":{"footnotes":""},"categories":[12870,178],"tags":[12865,12869],"class_list":["post-227811","post","type-post","status-publish","format-standard","has-post-thumbnail","hentry","category-destacadas","category-local","tag-destacadas","tag-local"],"jetpack_featured_media_url":"https:\/\/rnoticias.com.mx\/Portal\/wp-content\/uploads\/2025\/08\/DMPA_CafeINAH_Ago.jpg","amp_enabled":true,"_links":{"self":[{"href":"https:\/\/rnoticias.com.mx\/Portal\/wp-json\/wp\/v2\/posts\/227811","targetHints":{"allow":["GET"]}}],"collection":[{"href":"https:\/\/rnoticias.com.mx\/Portal\/wp-json\/wp\/v2\/posts"}],"about":[{"href":"https:\/\/rnoticias.com.mx\/Portal\/wp-json\/wp\/v2\/types\/post"}],"author":[{"embeddable":true,"href":"https:\/\/rnoticias.com.mx\/Portal\/wp-json\/wp\/v2\/users\/2"}],"replies":[{"embeddable":true,"href":"https:\/\/rnoticias.com.mx\/Portal\/wp-json\/wp\/v2\/comments?post=227811"}],"version-history":[{"count":1,"href":"https:\/\/rnoticias.com.mx\/Portal\/wp-json\/wp\/v2\/posts\/227811\/revisions"}],"predecessor-version":[{"id":227813,"href":"https:\/\/rnoticias.com.mx\/Portal\/wp-json\/wp\/v2\/posts\/227811\/revisions\/227813"}],"wp:featuredmedia":[{"embeddable":true,"href":"https:\/\/rnoticias.com.mx\/Portal\/wp-json\/wp\/v2\/media\/227812"}],"wp:attachment":[{"href":"https:\/\/rnoticias.com.mx\/Portal\/wp-json\/wp\/v2\/media?parent=227811"}],"wp:term":[{"taxonomy":"category","embeddable":true,"href":"https:\/\/rnoticias.com.mx\/Portal\/wp-json\/wp\/v2\/categories?post=227811"},{"taxonomy":"post_tag","embeddable":true,"href":"https:\/\/rnoticias.com.mx\/Portal\/wp-json\/wp\/v2\/tags?post=227811"}],"curies":[{"name":"wp","href":"https:\/\/api.w.org\/{rel}","templated":true}]}}