{"id":227808,"date":"2025-08-26T18:48:23","date_gmt":"2025-08-27T01:48:23","guid":{"rendered":"https:\/\/rnoticias.com.mx\/Portal\/?p=227808"},"modified":"2025-08-26T18:51:42","modified_gmt":"2025-08-27T01:51:42","slug":"plan-nacional-de-vivienda-abrira-nueva-etapa-de-desarrollo-urbano-en-nogales","status":"publish","type":"post","link":"https:\/\/rnoticias.com.mx\/Portal\/2025\/08\/26\/plan-nacional-de-vivienda-abrira-nueva-etapa-de-desarrollo-urbano-en-nogales\/","title":{"rendered":"Plan Nacional de Vivienda abrir\u00e1 nueva etapa de desarrollo urbano en Nogales"},"content":{"rendered":"<p>La ciudad Nogales se prepara para un crecimiento sin precedentes con la inclusi\u00f3n de al menos 7,000 viviendas dentro del Plan Nacional de Vivienda impulsado por el Gobierno Federal, manifest\u00f3 Juan Gim Nogales.<\/p>\n<p>&nbsp;<\/p>\n<p>El alcalde de Nogales, coment\u00f3 que ese proyecto no s\u00f3lo busca atender el d\u00e9ficit habitacional, sino tambi\u00e9n detonar una nueva etapa de ordenamiento urbano en la frontera.<\/p>\n<p>&nbsp;<\/p>\n<p>\u201cPor el \u00e1rea ac\u00e1 de la Mesa pasando el puente, hay un espacio ah\u00ed que est\u00e1 m\u00e1s plana y es m\u00e1s factible para los servicios de agua, luz; son terrenos de un particular y ya el gobierno se est\u00e1 poniendo de acuerdo con \u00e9l para adquirir y ah\u00ed empezar a hacer las casas\u201d, dijo.<\/p>\n<p>&nbsp;<\/p>\n<p>Enfatiz\u00f3, que ese programa federal, encabezado por la presidenta Claudia Sheinbaum, contempla un mill\u00f3n de nuevas viviendas, adem\u00e1s de la regularizaci\u00f3n y mejora de otras, con una inversi\u00f3n superior a 600 mil millones de pesos.<\/p>\n<p>&nbsp;<\/p>\n<p>En el caso de Nogales, resalt\u00f3, que el reto ser\u00e1 garantizar que este desarrollo se acompa\u00f1e de infraestructura vial, acceso al agua y energ\u00eda, as\u00ed como oportunidades de empleo.<\/p>\n","protected":false},"excerpt":{"rendered":"<p>La ciudad Nogales se prepara para un crecimiento sin precedentes con la inclusi\u00f3n de al menos 7,000 viviendas dentro del Plan Nacional de Vivienda impulsado por el Gobierno Federal, manifest\u00f3 Juan Gim Nogales. &nbsp; El alcalde de Nogales, coment\u00f3 que ese proyecto no s\u00f3lo busca atender el d\u00e9ficit habitacional, sino tambi\u00e9n detonar una nueva etapa [&hellip;]<\/p>\n","protected":false},"author":2,"featured_media":227809,"comment_status":"closed","ping_status":"closed","sticky":false,"template":"","format":"standard","meta":{"footnotes":""},"categories":[12870,174],"tags":[12865,12873],"class_list":["post-227808","post","type-post","status-publish","format-standard","has-post-thumbnail","hentry","category-destacadas","category-estatal","tag-destacadas","tag-estatal"],"jetpack_featured_media_url":"https:\/\/rnoticias.com.mx\/Portal\/wp-content\/uploads\/2025\/08\/image_750_378828.webp","amp_enabled":true,"_links":{"self":[{"href":"https:\/\/rnoticias.com.mx\/Portal\/wp-json\/wp\/v2\/posts\/227808","targetHints":{"allow":["GET"]}}],"collection":[{"href":"https:\/\/rnoticias.com.mx\/Portal\/wp-json\/wp\/v2\/posts"}],"about":[{"href":"https:\/\/rnoticias.com.mx\/Portal\/wp-json\/wp\/v2\/types\/post"}],"author":[{"embeddable":true,"href":"https:\/\/rnoticias.com.mx\/Portal\/wp-json\/wp\/v2\/users\/2"}],"replies":[{"embeddable":true,"href":"https:\/\/rnoticias.com.mx\/Portal\/wp-json\/wp\/v2\/comments?post=227808"}],"version-history":[{"count":1,"href":"https:\/\/rnoticias.com.mx\/Portal\/wp-json\/wp\/v2\/posts\/227808\/revisions"}],"predecessor-version":[{"id":227810,"href":"https:\/\/rnoticias.com.mx\/Portal\/wp-json\/wp\/v2\/posts\/227808\/revisions\/227810"}],"wp:featuredmedia":[{"embeddable":true,"href":"https:\/\/rnoticias.com.mx\/Portal\/wp-json\/wp\/v2\/media\/227809"}],"wp:attachment":[{"href":"https:\/\/rnoticias.com.mx\/Portal\/wp-json\/wp\/v2\/media?parent=227808"}],"wp:term":[{"taxonomy":"category","embeddable":true,"href":"https:\/\/rnoticias.com.mx\/Portal\/wp-json\/wp\/v2\/categories?post=227808"},{"taxonomy":"post_tag","embeddable":true,"href":"https:\/\/rnoticias.com.mx\/Portal\/wp-json\/wp\/v2\/tags?post=227808"}],"curies":[{"name":"wp","href":"https:\/\/api.w.org\/{rel}","templated":true}]}}