{"id":227805,"date":"2025-08-26T18:42:36","date_gmt":"2025-08-27T01:42:36","guid":{"rendered":"https:\/\/rnoticias.com.mx\/Portal\/?p=227805"},"modified":"2025-08-26T18:42:36","modified_gmt":"2025-08-27T01:42:36","slug":"alertan-riesgos-por-ciberataque-al-ayuntamiento-de-cajeme","status":"publish","type":"post","link":"https:\/\/rnoticias.com.mx\/Portal\/2025\/08\/26\/alertan-riesgos-por-ciberataque-al-ayuntamiento-de-cajeme\/","title":{"rendered":"Alertan riesgos por ciberataque al Ayuntamiento de Cajeme"},"content":{"rendered":"<p>El Ayuntamiento de Cajeme fue v\u00edctima de un ataque de ransomware que mantiene paralizados la mayor\u00eda de sus servicios digitales desde hace tres d\u00edas, convirti\u00e9ndose en el primer municipio de Sonora en enfrentar un ciberataque de este tipo.<\/p>\n<p>&nbsp;<\/p>\n<p>El vocero de la Iniciativa Ciudadana Sonora Cibersegura, Jos\u00e9 Manuel Acosta Rend\u00f3n, explic\u00f3 que aunque incidentes similares ya se han registrado en otras entidades del pa\u00eds, no exist\u00eda antecedente en el estado.<\/p>\n<p>&nbsp;<\/p>\n<p>\u201cEste es el mismo tipo de ciberataque que comprometi\u00f3 al ITSON el a\u00f1o pasado. Es de suma importancia que el municipio cumpla inmediatamente con dos acciones cr\u00edticas: la primera es presentar la denuncia formal ante las autoridades competentes e implementar un protocolo de notificaci\u00f3n transparente a todas las personas f\u00edsicas y morales cuyos datos fueron comprometidos\u201d, extern\u00f3.<\/p>\n<p>&nbsp;<\/p>\n<p>Detall\u00f3, que este tipo de ataques consiste en el secuestro de la informaci\u00f3n almacenada en los servidores, lo que implica un alto riesgo de exposici\u00f3n de datos personales, fiscales y documentos sensibles.<\/p>\n","protected":false},"excerpt":{"rendered":"<p>El Ayuntamiento de Cajeme fue v\u00edctima de un ataque de ransomware que mantiene paralizados la mayor\u00eda de sus servicios digitales desde hace tres d\u00edas, convirti\u00e9ndose en el primer municipio de Sonora en enfrentar un ciberataque de este tipo. &nbsp; El vocero de la Iniciativa Ciudadana Sonora Cibersegura, Jos\u00e9 Manuel Acosta Rend\u00f3n, explic\u00f3 que aunque incidentes [&hellip;]<\/p>\n","protected":false},"author":2,"featured_media":227806,"comment_status":"closed","ping_status":"closed","sticky":false,"template":"","format":"standard","meta":{"footnotes":""},"categories":[12870,174],"tags":[12865,12873],"class_list":["post-227805","post","type-post","status-publish","format-standard","has-post-thumbnail","hentry","category-destacadas","category-estatal","tag-destacadas","tag-estatal"],"jetpack_featured_media_url":"https:\/\/rnoticias.com.mx\/Portal\/wp-content\/uploads\/2025\/08\/ayuntamiento-de-cajeme-cortesia-focus-0-0-1300-865.jpg","amp_enabled":true,"_links":{"self":[{"href":"https:\/\/rnoticias.com.mx\/Portal\/wp-json\/wp\/v2\/posts\/227805","targetHints":{"allow":["GET"]}}],"collection":[{"href":"https:\/\/rnoticias.com.mx\/Portal\/wp-json\/wp\/v2\/posts"}],"about":[{"href":"https:\/\/rnoticias.com.mx\/Portal\/wp-json\/wp\/v2\/types\/post"}],"author":[{"embeddable":true,"href":"https:\/\/rnoticias.com.mx\/Portal\/wp-json\/wp\/v2\/users\/2"}],"replies":[{"embeddable":true,"href":"https:\/\/rnoticias.com.mx\/Portal\/wp-json\/wp\/v2\/comments?post=227805"}],"version-history":[{"count":1,"href":"https:\/\/rnoticias.com.mx\/Portal\/wp-json\/wp\/v2\/posts\/227805\/revisions"}],"predecessor-version":[{"id":227807,"href":"https:\/\/rnoticias.com.mx\/Portal\/wp-json\/wp\/v2\/posts\/227805\/revisions\/227807"}],"wp:featuredmedia":[{"embeddable":true,"href":"https:\/\/rnoticias.com.mx\/Portal\/wp-json\/wp\/v2\/media\/227806"}],"wp:attachment":[{"href":"https:\/\/rnoticias.com.mx\/Portal\/wp-json\/wp\/v2\/media?parent=227805"}],"wp:term":[{"taxonomy":"category","embeddable":true,"href":"https:\/\/rnoticias.com.mx\/Portal\/wp-json\/wp\/v2\/categories?post=227805"},{"taxonomy":"post_tag","embeddable":true,"href":"https:\/\/rnoticias.com.mx\/Portal\/wp-json\/wp\/v2\/tags?post=227805"}],"curies":[{"name":"wp","href":"https:\/\/api.w.org\/{rel}","templated":true}]}}