{"id":227802,"date":"2025-08-26T18:41:32","date_gmt":"2025-08-27T01:41:32","guid":{"rendered":"https:\/\/rnoticias.com.mx\/Portal\/?p=227802"},"modified":"2025-08-26T18:41:32","modified_gmt":"2025-08-27T01:41:32","slug":"reciclaje-solidario-en-hermosillo-ayuda-a-organizacion-cultura-verde-ac","status":"publish","type":"post","link":"https:\/\/rnoticias.com.mx\/Portal\/2025\/08\/26\/reciclaje-solidario-en-hermosillo-ayuda-a-organizacion-cultura-verde-ac\/","title":{"rendered":"Reciclaje solidario en Hermosillo ayuda a organizaci\u00f3n Cultura Verde AC"},"content":{"rendered":"<p><span style=\"font-size: 16.0pt;\">Hermosillo, Sonora. Gracias al compromiso ciudadano, la Uni\u00f3n de Usuarios de Hermosillo A.C. recuper\u00f3 dos toneladas de residuos entregados a Cultura Verde AC. <\/span><\/p>\n<p><span style=\"font-size: 16.0pt;\">\u00a0<\/span><\/p>\n<p><span style=\"font-size: 16.0pt;\">La directora Pamela Ibarra D\u00e1vila explic\u00f3 que materiales como papel, cuadernos, libros y peri\u00f3dicos fueron canalizados al programa \u201cReduce tu huella\u201d, con lo que se obtuvieron 769.50 pesos destinados a la compra de alimentos para el Desayunador Mateo 25:35. <\/span><\/p>\n<p><span style=\"font-size: 16.0pt;\">\u00a0<\/span><\/p>\n<p><span style=\"font-size: 16.0pt;\">\u201cEl resto de los desechos, como cart\u00f3n, PET y tapitas, fue trasladado con apoyo de Servicios P\u00fablicos a la asociaci\u00f3n Ave Badu, que respalda a ni\u00f1as, ni\u00f1os y j\u00f3venes con c\u00e1ncer y lupus\u201d, puntualiz\u00f3.<\/span><\/p>\n<p><span style=\"font-size: 16.0pt;\">\u00a0<\/span><\/p>\n<p><span style=\"font-size: 16.0pt;\">Por \u00faltimo, agradeci\u00f3 a quienes entregan sus residuos limpios y ordenados, pues con ello no solo se evita que terminen en el relleno sanitario, sino que tambi\u00e9n se transforman en apoyo y esperanza para quienes m\u00e1s lo necesitan.<\/span><\/p>\n<p><span style=\"font-size: 16.0pt;\">\u00a0<\/span><\/p>\n","protected":false},"excerpt":{"rendered":"<p>Hermosillo, Sonora. Gracias al compromiso ciudadano, la Uni\u00f3n de Usuarios de Hermosillo A.C. recuper\u00f3 dos toneladas de residuos entregados a Cultura Verde AC. \u00a0 La directora Pamela Ibarra D\u00e1vila explic\u00f3 que materiales como papel, cuadernos, libros y peri\u00f3dicos fueron canalizados al programa \u201cReduce tu huella\u201d, con lo que se obtuvieron 769.50 pesos destinados a la [&hellip;]<\/p>\n","protected":false},"author":2,"featured_media":227803,"comment_status":"closed","ping_status":"closed","sticky":false,"template":"","format":"standard","meta":{"footnotes":""},"categories":[12870,178],"tags":[12865,12869],"class_list":["post-227802","post","type-post","status-publish","format-standard","has-post-thumbnail","hentry","category-destacadas","category-local","tag-destacadas","tag-local"],"jetpack_featured_media_url":"https:\/\/rnoticias.com.mx\/Portal\/wp-content\/uploads\/2025\/08\/UUH.jpg","amp_enabled":true,"_links":{"self":[{"href":"https:\/\/rnoticias.com.mx\/Portal\/wp-json\/wp\/v2\/posts\/227802","targetHints":{"allow":["GET"]}}],"collection":[{"href":"https:\/\/rnoticias.com.mx\/Portal\/wp-json\/wp\/v2\/posts"}],"about":[{"href":"https:\/\/rnoticias.com.mx\/Portal\/wp-json\/wp\/v2\/types\/post"}],"author":[{"embeddable":true,"href":"https:\/\/rnoticias.com.mx\/Portal\/wp-json\/wp\/v2\/users\/2"}],"replies":[{"embeddable":true,"href":"https:\/\/rnoticias.com.mx\/Portal\/wp-json\/wp\/v2\/comments?post=227802"}],"version-history":[{"count":1,"href":"https:\/\/rnoticias.com.mx\/Portal\/wp-json\/wp\/v2\/posts\/227802\/revisions"}],"predecessor-version":[{"id":227804,"href":"https:\/\/rnoticias.com.mx\/Portal\/wp-json\/wp\/v2\/posts\/227802\/revisions\/227804"}],"wp:featuredmedia":[{"embeddable":true,"href":"https:\/\/rnoticias.com.mx\/Portal\/wp-json\/wp\/v2\/media\/227803"}],"wp:attachment":[{"href":"https:\/\/rnoticias.com.mx\/Portal\/wp-json\/wp\/v2\/media?parent=227802"}],"wp:term":[{"taxonomy":"category","embeddable":true,"href":"https:\/\/rnoticias.com.mx\/Portal\/wp-json\/wp\/v2\/categories?post=227802"},{"taxonomy":"post_tag","embeddable":true,"href":"https:\/\/rnoticias.com.mx\/Portal\/wp-json\/wp\/v2\/tags?post=227802"}],"curies":[{"name":"wp","href":"https:\/\/api.w.org\/{rel}","templated":true}]}}