{"id":227790,"date":"2025-08-26T17:23:42","date_gmt":"2025-08-27T00:23:42","guid":{"rendered":"https:\/\/rnoticias.com.mx\/Portal\/?p=227790"},"modified":"2025-08-26T17:23:42","modified_gmt":"2025-08-27T00:23:42","slug":"persisten-15-mil-autos-extranjeros-sin-regularizar-en-sonora-pese-al-decreto-federal-fea","status":"publish","type":"post","link":"https:\/\/rnoticias.com.mx\/Portal\/2025\/08\/26\/persisten-15-mil-autos-extranjeros-sin-regularizar-en-sonora-pese-al-decreto-federal-fea\/","title":{"rendered":"Persisten 15 mil autos extranjeros sin regularizar en Sonora pese al decreto federal: FEA"},"content":{"rendered":"<p>Hermosillo, Sonora. A un a\u00f1o de que concluya la vigencia del decreto federal para la regularizaci\u00f3n de autos de procedencia extranjera, organizaciones ciudadanas alertaron que alrededor de 15 mil veh\u00edculos en Sonora contin\u00faan fuera del tr\u00e1mite por restricciones en el proceso.<\/p>\n<p>&nbsp;<\/p>\n<p>Mart\u00edn Manzo, representante del Frente Estatal de Autos, la mayor parte del rezago corresponde a unidades cuyo n\u00famero de serie inicia con letra, mismas que no han obtenido autorizaci\u00f3n para legalizarse.<\/p>\n<p>&nbsp;<\/p>\n<p>\u201cEstamos hablando de un rezago importante; son miles de propietarios que siguen sin una respuesta porque sus veh\u00edculos no cumplen con ese requisito del n\u00famero de serie o bien carecen de documentos extraviados\u201d, expuso.<\/p>\n<p>&nbsp;<\/p>\n<p>El dirigente a\u00f1adi\u00f3 que, en contraste, los autos cuyo n\u00famero de serie comienza con n\u00famero han tenido acceso sin contratiempos a la regularizaci\u00f3n, lo que genera inquietud y desigualdad entre los due\u00f1os de unidades que a\u00fan esperan una resoluci\u00f3n.<\/p>\n<h1><\/h1>\n<h1><\/h1>\n","protected":false},"excerpt":{"rendered":"<p>Hermosillo, Sonora. A un a\u00f1o de que concluya la vigencia del decreto federal para la regularizaci\u00f3n de autos de procedencia extranjera, organizaciones ciudadanas alertaron que alrededor de 15 mil veh\u00edculos en Sonora contin\u00faan fuera del tr\u00e1mite por restricciones en el proceso. &nbsp; Mart\u00edn Manzo, representante del Frente Estatal de Autos, la mayor parte del rezago [&hellip;]<\/p>\n","protected":false},"author":2,"featured_media":227791,"comment_status":"closed","ping_status":"closed","sticky":false,"template":"","format":"standard","meta":{"footnotes":""},"categories":[12870,178],"tags":[12865,12869],"class_list":["post-227790","post","type-post","status-publish","format-standard","has-post-thumbnail","hentry","category-destacadas","category-local","tag-destacadas","tag-local"],"jetpack_featured_media_url":"https:\/\/rnoticias.com.mx\/Portal\/wp-content\/uploads\/2025\/08\/500_333.jpeg","amp_enabled":true,"_links":{"self":[{"href":"https:\/\/rnoticias.com.mx\/Portal\/wp-json\/wp\/v2\/posts\/227790","targetHints":{"allow":["GET"]}}],"collection":[{"href":"https:\/\/rnoticias.com.mx\/Portal\/wp-json\/wp\/v2\/posts"}],"about":[{"href":"https:\/\/rnoticias.com.mx\/Portal\/wp-json\/wp\/v2\/types\/post"}],"author":[{"embeddable":true,"href":"https:\/\/rnoticias.com.mx\/Portal\/wp-json\/wp\/v2\/users\/2"}],"replies":[{"embeddable":true,"href":"https:\/\/rnoticias.com.mx\/Portal\/wp-json\/wp\/v2\/comments?post=227790"}],"version-history":[{"count":1,"href":"https:\/\/rnoticias.com.mx\/Portal\/wp-json\/wp\/v2\/posts\/227790\/revisions"}],"predecessor-version":[{"id":227792,"href":"https:\/\/rnoticias.com.mx\/Portal\/wp-json\/wp\/v2\/posts\/227790\/revisions\/227792"}],"wp:featuredmedia":[{"embeddable":true,"href":"https:\/\/rnoticias.com.mx\/Portal\/wp-json\/wp\/v2\/media\/227791"}],"wp:attachment":[{"href":"https:\/\/rnoticias.com.mx\/Portal\/wp-json\/wp\/v2\/media?parent=227790"}],"wp:term":[{"taxonomy":"category","embeddable":true,"href":"https:\/\/rnoticias.com.mx\/Portal\/wp-json\/wp\/v2\/categories?post=227790"},{"taxonomy":"post_tag","embeddable":true,"href":"https:\/\/rnoticias.com.mx\/Portal\/wp-json\/wp\/v2\/tags?post=227790"}],"curies":[{"name":"wp","href":"https:\/\/api.w.org\/{rel}","templated":true}]}}