{"id":227787,"date":"2025-08-26T17:17:12","date_gmt":"2025-08-27T00:17:12","guid":{"rendered":"https:\/\/rnoticias.com.mx\/Portal\/?p=227787"},"modified":"2025-08-26T17:17:12","modified_gmt":"2025-08-27T00:17:12","slug":"claudia-sheinbaum-se-suma-a-las-felicitaciones-para-checo-perez","status":"publish","type":"post","link":"https:\/\/rnoticias.com.mx\/Portal\/2025\/08\/26\/claudia-sheinbaum-se-suma-a-las-felicitaciones-para-checo-perez\/","title":{"rendered":"Claudia Sheinbaum se suma a las felicitaciones para Checo Perez"},"content":{"rendered":"<p>La presidenta de M\u00e9xico,\u00a0<strong>Claudia Sheinbaum, felicit\u00f3 este martes al piloto Sergio \u2018Checo\u2019 P\u00e9rez<\/strong>\u00a0por su reciente incorporaci\u00f3n a la escuder\u00eda Cadillac, que marcar\u00e1 su regreso a la F\u00f3rmula Uno tras su paso por Red Bull.<\/p>\n<p>\u201c<strong>Siempre le deseamos suerte a todos los mexicanos que representan a M\u00e9xico\u201d,\u00a0<\/strong>dijo la presidenta en su tradicional rueda de prensa matutina.<\/p>\n<p>Cadillac anunci\u00f3 las contrataciones de P\u00e9rez y el finland\u00e9s Valtteri Bottas para la temporada 2026 del \u2018Gran Circo\u2019.<\/p>\n<p>Ser\u00e1 el regreso de P\u00e9rez, de 35 a\u00f1os, a la m\u00e1xima categor\u00eda del automovilismo, luego de quedar fuera en el presente curso, tras terminar relaci\u00f3n con Red Bull.<\/p>\n<p>El Gran Premio de M\u00e9xico, tambi\u00e9n celebr\u00f3 la llegada del mexicano al equipo estadounidense.<\/p>\n<p>\u201cEl Gran Premio de M\u00e9xico felicita a Sergio P\u00e9rez por su regreso al campeonato de F1 como piloto de la nueva escuder\u00eda Cadillac, que empezar\u00e1 a competir a partir de la temporada 2026, y le desea el mejor de los \u00e9xitos\u201d.<\/p>\n<p>En 14 a\u00f1os en la F\u00f3rmula Uno, P\u00e9rez se ha confirmado como\u00a0<strong>el mejor piloto mexicano de la historia con seis victorias, 39 podios, un subcampeonato mundial en 2023 y dos campeonatos de constructores.<\/strong><\/p>\n","protected":false},"excerpt":{"rendered":"<p>La presidenta de M\u00e9xico,\u00a0Claudia Sheinbaum, felicit\u00f3 este martes al piloto Sergio \u2018Checo\u2019 P\u00e9rez\u00a0por su reciente incorporaci\u00f3n a la escuder\u00eda Cadillac, que marcar\u00e1 su regreso a la F\u00f3rmula Uno tras su paso por Red Bull. \u201cSiempre le deseamos suerte a todos los mexicanos que representan a M\u00e9xico\u201d,\u00a0dijo la presidenta en su tradicional rueda de prensa matutina. [&hellip;]<\/p>\n","protected":false},"author":2,"featured_media":227788,"comment_status":"closed","ping_status":"closed","sticky":false,"template":"","format":"standard","meta":{"footnotes":""},"categories":[188,12870],"tags":[5231,12865],"class_list":["post-227787","post","type-post","status-publish","format-standard","has-post-thumbnail","hentry","category-deportes","category-destacadas","tag-deportes","tag-destacadas"],"jetpack_featured_media_url":"https:\/\/rnoticias.com.mx\/Portal\/wp-content\/uploads\/2025\/08\/JHYF5SQXVJGJ3K3HB56JPPEC3M.jpg","amp_enabled":true,"_links":{"self":[{"href":"https:\/\/rnoticias.com.mx\/Portal\/wp-json\/wp\/v2\/posts\/227787","targetHints":{"allow":["GET"]}}],"collection":[{"href":"https:\/\/rnoticias.com.mx\/Portal\/wp-json\/wp\/v2\/posts"}],"about":[{"href":"https:\/\/rnoticias.com.mx\/Portal\/wp-json\/wp\/v2\/types\/post"}],"author":[{"embeddable":true,"href":"https:\/\/rnoticias.com.mx\/Portal\/wp-json\/wp\/v2\/users\/2"}],"replies":[{"embeddable":true,"href":"https:\/\/rnoticias.com.mx\/Portal\/wp-json\/wp\/v2\/comments?post=227787"}],"version-history":[{"count":1,"href":"https:\/\/rnoticias.com.mx\/Portal\/wp-json\/wp\/v2\/posts\/227787\/revisions"}],"predecessor-version":[{"id":227789,"href":"https:\/\/rnoticias.com.mx\/Portal\/wp-json\/wp\/v2\/posts\/227787\/revisions\/227789"}],"wp:featuredmedia":[{"embeddable":true,"href":"https:\/\/rnoticias.com.mx\/Portal\/wp-json\/wp\/v2\/media\/227788"}],"wp:attachment":[{"href":"https:\/\/rnoticias.com.mx\/Portal\/wp-json\/wp\/v2\/media?parent=227787"}],"wp:term":[{"taxonomy":"category","embeddable":true,"href":"https:\/\/rnoticias.com.mx\/Portal\/wp-json\/wp\/v2\/categories?post=227787"},{"taxonomy":"post_tag","embeddable":true,"href":"https:\/\/rnoticias.com.mx\/Portal\/wp-json\/wp\/v2\/tags?post=227787"}],"curies":[{"name":"wp","href":"https:\/\/api.w.org\/{rel}","templated":true}]}}