{"id":227756,"date":"2025-08-26T12:18:16","date_gmt":"2025-08-26T19:18:16","guid":{"rendered":"https:\/\/rnoticias.com.mx\/Portal\/?p=227756"},"modified":"2025-08-26T12:18:16","modified_gmt":"2025-08-26T19:18:16","slug":"salinas-pliego-aclara-si-sera-candidato-presidencial-para-2030-hare-lo-que-sea-necesario","status":"publish","type":"post","link":"https:\/\/rnoticias.com.mx\/Portal\/2025\/08\/26\/salinas-pliego-aclara-si-sera-candidato-presidencial-para-2030-hare-lo-que-sea-necesario\/","title":{"rendered":"Salinas Pliego aclara si ser\u00e1 candidato presidencial para 2030: \u201char\u00e9 lo que sea necesario\u201d"},"content":{"rendered":"<p>El empresario\u00a0<strong>Ricardo Salinas Pliego<\/strong>\u00a0ha sido cuestionado sobre una eventual\u00a0<strong>candidatura presidencial\u00a0<\/strong>en 2030, por lo que dej\u00f3 ver sus aspiraciones diciendo que \u201char\u00e1 lo necesario\u201d.<\/p>\n<p>Durante la segunda parte de la\u00a0<strong>entrevista<\/strong>\u00a0para el canal de\u00a0<strong>YouTube<\/strong>\u00a0\u201cC\u00f3digo Magenta\u201d, con el periodista Ram\u00f3n Alberto Garza, Salinas Pliego coment\u00f3 que no es algo que est\u00e9 \u201cbuscando activamente\u201d, sin embargo, dice: \u201csi no hacemos algo por el futuro de nuestro pa\u00eds, nuestros nietos, nuestros hijos, nuestros bisnietos nos van a reclamar [\u2026] Y si es necesario, pues har\u00e9 lo que sea necesario\u201d.<\/p>\n<p>No obstante, consider\u00f3 no estar seguro de que est\u00e9n dadas las condiciones para que pueda ser un\u00a0<strong>candidato ganador<\/strong>, enfatizando que \u201cqueremos un pa\u00eds que tenga innovaci\u00f3n y entonces llegaremos a un pa\u00eds donde tengamos una prosperidad compartida para todos, que estemos mejor. Porque hoy, la verdad, no estamos mejor que antes\u201d.<\/p>\n<p>&nbsp;<\/p>\n<p>Fuente: El Universal<\/p>\n","protected":false},"excerpt":{"rendered":"<p>El empresario\u00a0Ricardo Salinas Pliego\u00a0ha sido cuestionado sobre una eventual\u00a0candidatura presidencial\u00a0en 2030, por lo que dej\u00f3 ver sus aspiraciones diciendo que \u201char\u00e1 lo necesario\u201d. Durante la segunda parte de la\u00a0entrevista\u00a0para el canal de\u00a0YouTube\u00a0\u201cC\u00f3digo Magenta\u201d, con el periodista Ram\u00f3n Alberto Garza, Salinas Pliego coment\u00f3 que no es algo que est\u00e9 \u201cbuscando activamente\u201d, sin embargo, dice: \u201csi no [&hellip;]<\/p>\n","protected":false},"author":2,"featured_media":227757,"comment_status":"closed","ping_status":"closed","sticky":false,"template":"","format":"standard","meta":{"footnotes":""},"categories":[12870,12868],"tags":[12865,12879],"class_list":["post-227756","post","type-post","status-publish","format-standard","has-post-thumbnail","hentry","category-destacadas","category-politica","tag-destacadas","tag-politica"],"jetpack_featured_media_url":"https:\/\/rnoticias.com.mx\/Portal\/wp-content\/uploads\/2025\/08\/1385245xeu20250826130611.webp","amp_enabled":true,"_links":{"self":[{"href":"https:\/\/rnoticias.com.mx\/Portal\/wp-json\/wp\/v2\/posts\/227756","targetHints":{"allow":["GET"]}}],"collection":[{"href":"https:\/\/rnoticias.com.mx\/Portal\/wp-json\/wp\/v2\/posts"}],"about":[{"href":"https:\/\/rnoticias.com.mx\/Portal\/wp-json\/wp\/v2\/types\/post"}],"author":[{"embeddable":true,"href":"https:\/\/rnoticias.com.mx\/Portal\/wp-json\/wp\/v2\/users\/2"}],"replies":[{"embeddable":true,"href":"https:\/\/rnoticias.com.mx\/Portal\/wp-json\/wp\/v2\/comments?post=227756"}],"version-history":[{"count":1,"href":"https:\/\/rnoticias.com.mx\/Portal\/wp-json\/wp\/v2\/posts\/227756\/revisions"}],"predecessor-version":[{"id":227758,"href":"https:\/\/rnoticias.com.mx\/Portal\/wp-json\/wp\/v2\/posts\/227756\/revisions\/227758"}],"wp:featuredmedia":[{"embeddable":true,"href":"https:\/\/rnoticias.com.mx\/Portal\/wp-json\/wp\/v2\/media\/227757"}],"wp:attachment":[{"href":"https:\/\/rnoticias.com.mx\/Portal\/wp-json\/wp\/v2\/media?parent=227756"}],"wp:term":[{"taxonomy":"category","embeddable":true,"href":"https:\/\/rnoticias.com.mx\/Portal\/wp-json\/wp\/v2\/categories?post=227756"},{"taxonomy":"post_tag","embeddable":true,"href":"https:\/\/rnoticias.com.mx\/Portal\/wp-json\/wp\/v2\/tags?post=227756"}],"curies":[{"name":"wp","href":"https:\/\/api.w.org\/{rel}","templated":true}]}}