{"id":227750,"date":"2025-08-26T09:29:50","date_gmt":"2025-08-26T16:29:50","guid":{"rendered":"https:\/\/rnoticias.com.mx\/Portal\/?p=227750"},"modified":"2025-08-26T09:29:50","modified_gmt":"2025-08-26T16:29:50","slug":"condenan-a-joven-por-apoyar-plan-para-atacar-conciertos-de-taylor-swift-en-austria","status":"publish","type":"post","link":"https:\/\/rnoticias.com.mx\/Portal\/2025\/08\/26\/condenan-a-joven-por-apoyar-plan-para-atacar-conciertos-de-taylor-swift-en-austria\/","title":{"rendered":"Condenan a j\u00f3ven por apoyar plan para atacar conciertos de Taylor Swift en Austria"},"content":{"rendered":"<p class=\"nota-justify\"><i>Viena.-\u00a0<\/i>Un tribunal alem\u00e1n conden\u00f3 el martes a un joven de 16 a\u00f1os acusado de apoyar un complot frustrado para atacar conciertos de Taylor Swift en Austria el a\u00f1o pasado.<\/p>\n<p class=\"nota-justify\">El ciudadano sirio, a quien los fiscales han identificado solo como Mohammad A. de acuerdo con las normas de privacidad alemanas, fue condenado por preparar un acto grave de violencia y apoyar un acto terrorista de violencia en el extranjero. El tribunal de Berl\u00edn le impuso una sentencia suspendida de 18 meses.<\/p>\n<p class=\"nota-justify\">Los jueces determinaron que el acusado, que entonces ten\u00eda 14 a\u00f1os, apoyaba la ideolog\u00eda del grupo extremista Estado Isl\u00e1mico en ese momento y estaba en contacto a trav\u00e9s de redes sociales con un joven en la vecina Austria que planeaba atacar un concierto de Swift en Viena.<\/p>\n<p class=\"nota-justify\">El tribunal afirm\u00f3 que encontraron que, entre otras cosas, el acusado envi\u00f3 a su conocido un video con instrucciones para fabricar bombas y organiz\u00f3 el contacto con un miembro del Estado Isl\u00e1mico.<\/p>\n<p class=\"nota-justify\">Tres conciertos de Swift en Viena fueron cancelados el 7 de agosto de 2024, cuando se descubri\u00f3 el complot. Las autoridades austr\u00edacas realizaron tres arrestos.<\/p>\n<p class=\"nota-justify\">El acusado hizo una &#8220;confesi\u00f3n completa&#8221; en su juicio, que se llev\u00f3 a cabo a puerta cerrada debido a su edad, seg\u00fan el tribunal. El veredicto puede ser apelado.<\/p>\n<p>&nbsp;<\/p>\n<p>AP<\/p>\n","protected":false},"excerpt":{"rendered":"<p>Viena.-\u00a0Un tribunal alem\u00e1n conden\u00f3 el martes a un joven de 16 a\u00f1os acusado de apoyar un complot frustrado para atacar conciertos de Taylor Swift en Austria el a\u00f1o pasado. El ciudadano sirio, a quien los fiscales han identificado solo como Mohammad A. de acuerdo con las normas de privacidad alemanas, fue condenado por preparar un [&hellip;]<\/p>\n","protected":false},"author":2,"featured_media":227751,"comment_status":"closed","ping_status":"closed","sticky":false,"template":"","format":"standard","meta":{"footnotes":""},"categories":[12870,219],"tags":[12865,12875],"class_list":["post-227750","post","type-post","status-publish","format-standard","has-post-thumbnail","hentry","category-destacadas","category-espectaculos","tag-destacadas","tag-espectaculos"],"jetpack_featured_media_url":"https:\/\/rnoticias.com.mx\/Portal\/wp-content\/uploads\/2025\/08\/descarga-5.jpg","amp_enabled":true,"_links":{"self":[{"href":"https:\/\/rnoticias.com.mx\/Portal\/wp-json\/wp\/v2\/posts\/227750","targetHints":{"allow":["GET"]}}],"collection":[{"href":"https:\/\/rnoticias.com.mx\/Portal\/wp-json\/wp\/v2\/posts"}],"about":[{"href":"https:\/\/rnoticias.com.mx\/Portal\/wp-json\/wp\/v2\/types\/post"}],"author":[{"embeddable":true,"href":"https:\/\/rnoticias.com.mx\/Portal\/wp-json\/wp\/v2\/users\/2"}],"replies":[{"embeddable":true,"href":"https:\/\/rnoticias.com.mx\/Portal\/wp-json\/wp\/v2\/comments?post=227750"}],"version-history":[{"count":1,"href":"https:\/\/rnoticias.com.mx\/Portal\/wp-json\/wp\/v2\/posts\/227750\/revisions"}],"predecessor-version":[{"id":227752,"href":"https:\/\/rnoticias.com.mx\/Portal\/wp-json\/wp\/v2\/posts\/227750\/revisions\/227752"}],"wp:featuredmedia":[{"embeddable":true,"href":"https:\/\/rnoticias.com.mx\/Portal\/wp-json\/wp\/v2\/media\/227751"}],"wp:attachment":[{"href":"https:\/\/rnoticias.com.mx\/Portal\/wp-json\/wp\/v2\/media?parent=227750"}],"wp:term":[{"taxonomy":"category","embeddable":true,"href":"https:\/\/rnoticias.com.mx\/Portal\/wp-json\/wp\/v2\/categories?post=227750"},{"taxonomy":"post_tag","embeddable":true,"href":"https:\/\/rnoticias.com.mx\/Portal\/wp-json\/wp\/v2\/tags?post=227750"}],"curies":[{"name":"wp","href":"https:\/\/api.w.org\/{rel}","templated":true}]}}