{"id":227744,"date":"2025-08-26T08:56:33","date_gmt":"2025-08-26T15:56:33","guid":{"rendered":"https:\/\/rnoticias.com.mx\/Portal\/?p=227744"},"modified":"2025-08-26T08:56:33","modified_gmt":"2025-08-26T15:56:33","slug":"diablos-rojos-cubrira-gastos-del-nino-que-recibio-pelotazo-en-estadio-harp-helu","status":"publish","type":"post","link":"https:\/\/rnoticias.com.mx\/Portal\/2025\/08\/26\/diablos-rojos-cubrira-gastos-del-nino-que-recibio-pelotazo-en-estadio-harp-helu\/","title":{"rendered":"Diablos Rojos cubrir\u00e1 gastos del ni\u00f1o que recibi\u00f3 pelotazo en estadio Harp Hel\u00fa"},"content":{"rendered":"<p class=\"nota-justify\"><i>Ciudad de M\u00e9xico.\u00a0<\/i>Ante el pelotazo que recibi\u00f3 Sim\u00f3n Falah-Assadi el mi\u00e9rcoles en el estadio Alfredo Harp Hel\u00fa, los responsables del inmueble confirmaron a trav\u00e9s de un comunicado que su aseguradora cubrir\u00e1 los gastos m\u00e9dicos del menor de edad.<\/p>\n<p class=\"nota-justify\">\u201cSe confirm\u00f3 por parte de la aseguradora titular de nuestra p\u00f3liza de Responsabilidad Civil, la cobertura de todos los gastos relacionados con la intervenci\u00f3n y el tratamiento para Sim\u00f3n. La familia quedar\u00e1 cubierta en lo econ\u00f3mico por lo relativo a la atenci\u00f3n hospitalaria y con ello poder ofrecer la certidumbre que requiere en este delicado caso\u201d.<\/p>\n<p class=\"nota-justify\">Adem\u00e1s, se inform\u00f3 que al ponerse en contacto con el padre del ni\u00f1o de 9 a\u00f1os se &#8220;supo que est\u00e1 consciente y con buen \u00e1nimo. Reconocemos ampliamente su fuerza para salir adelante y que su recuperaci\u00f3n a\u00fan tomar\u00e1 tiempo\u201d.<\/p>\n<p>&nbsp;<\/p>\n<p>La Jornada<\/p>\n","protected":false},"excerpt":{"rendered":"<p>Ciudad de M\u00e9xico.\u00a0Ante el pelotazo que recibi\u00f3 Sim\u00f3n Falah-Assadi el mi\u00e9rcoles en el estadio Alfredo Harp Hel\u00fa, los responsables del inmueble confirmaron a trav\u00e9s de un comunicado que su aseguradora cubrir\u00e1 los gastos m\u00e9dicos del menor de edad. \u201cSe confirm\u00f3 por parte de la aseguradora titular de nuestra p\u00f3liza de Responsabilidad Civil, la cobertura de [&hellip;]<\/p>\n","protected":false},"author":2,"featured_media":227745,"comment_status":"closed","ping_status":"closed","sticky":false,"template":"","format":"standard","meta":{"footnotes":""},"categories":[188,12870],"tags":[5231,12865],"class_list":["post-227744","post","type-post","status-publish","format-standard","has-post-thumbnail","hentry","category-deportes","category-destacadas","tag-deportes","tag-destacadas"],"jetpack_featured_media_url":"https:\/\/rnoticias.com.mx\/Portal\/wp-content\/uploads\/2025\/08\/descarga-4.jpg","amp_enabled":true,"_links":{"self":[{"href":"https:\/\/rnoticias.com.mx\/Portal\/wp-json\/wp\/v2\/posts\/227744","targetHints":{"allow":["GET"]}}],"collection":[{"href":"https:\/\/rnoticias.com.mx\/Portal\/wp-json\/wp\/v2\/posts"}],"about":[{"href":"https:\/\/rnoticias.com.mx\/Portal\/wp-json\/wp\/v2\/types\/post"}],"author":[{"embeddable":true,"href":"https:\/\/rnoticias.com.mx\/Portal\/wp-json\/wp\/v2\/users\/2"}],"replies":[{"embeddable":true,"href":"https:\/\/rnoticias.com.mx\/Portal\/wp-json\/wp\/v2\/comments?post=227744"}],"version-history":[{"count":1,"href":"https:\/\/rnoticias.com.mx\/Portal\/wp-json\/wp\/v2\/posts\/227744\/revisions"}],"predecessor-version":[{"id":227746,"href":"https:\/\/rnoticias.com.mx\/Portal\/wp-json\/wp\/v2\/posts\/227744\/revisions\/227746"}],"wp:featuredmedia":[{"embeddable":true,"href":"https:\/\/rnoticias.com.mx\/Portal\/wp-json\/wp\/v2\/media\/227745"}],"wp:attachment":[{"href":"https:\/\/rnoticias.com.mx\/Portal\/wp-json\/wp\/v2\/media?parent=227744"}],"wp:term":[{"taxonomy":"category","embeddable":true,"href":"https:\/\/rnoticias.com.mx\/Portal\/wp-json\/wp\/v2\/categories?post=227744"},{"taxonomy":"post_tag","embeddable":true,"href":"https:\/\/rnoticias.com.mx\/Portal\/wp-json\/wp\/v2\/tags?post=227744"}],"curies":[{"name":"wp","href":"https:\/\/api.w.org\/{rel}","templated":true}]}}