{"id":227735,"date":"2025-08-26T08:46:02","date_gmt":"2025-08-26T15:46:02","guid":{"rendered":"https:\/\/rnoticias.com.mx\/Portal\/?p=227735"},"modified":"2025-08-26T08:46:02","modified_gmt":"2025-08-26T15:46:02","slug":"ine-y-autoridades-abordaran-impacto-de-la-curp-biometrica-en-el-padron-electoral","status":"publish","type":"post","link":"https:\/\/rnoticias.com.mx\/Portal\/2025\/08\/26\/ine-y-autoridades-abordaran-impacto-de-la-curp-biometrica-en-el-padron-electoral\/","title":{"rendered":"INE y autoridades abordar\u00e1n impacto de la CURP biom\u00e9trica en el padr\u00f3n electoral"},"content":{"rendered":"<p>Las autoridades federales y consejeros\u00a0<strong>electorales se reunir\u00e1n en los pr\u00f3ximos d\u00edas para dialogar sobre el impacto de la CURP biom\u00e9trica en la credencial de elector y las obligaciones del INE<\/strong>\u00a0para entregar informaci\u00f3n del padr\u00f3n electoral.<\/p>\n<p><strong>&#8216;Hubo ya contacto a trav\u00e9s de la presidencia del propio Consejo General con la Agencia de Transformaci\u00f3n Digital y otras autoridades involucradas en la implementaci\u00f3n de esta nueva normativa y en d\u00edas pr\u00f3ximos tendremos una reuni\u00f3n justamente para avanzar en estos temas&#8217;.<\/strong><\/p>\n<p>Mientras el consejero Arturo Castillo durante la sesi\u00f3n de la Comisi\u00f3n del Registro Federal de Electores, indic\u00f3 que<strong>\u00a0\u00a0&#8216;los impactos concretos que estas reformas podr\u00edan tener en materia del Registro Federal de Electores y c\u00f3mo ser\u00e1 posible establecer una coordinaci\u00f3n adecuada entre el Instituto Nacional Electoral y otras autoridades en el marco de la nueva legislaci\u00f3n. En los pr\u00f3ximos d\u00edas tendremos esta reuni\u00f3n y les informaremos&#8217;.<\/strong><\/p>\n<p>Asimismo, Alejandro Sosa, titular del Registro Federal de Electores, inform\u00f3 que solicitaron a la Agencia de Transformaci\u00f3n Digital y Telecomunicaciones,\u00a0<strong>&#8216;la cual se har\u00e1 cargo de la implementaci\u00f3n de la CURP biom\u00e9trica y la trasferencia de bases de datos, compartir la informaci\u00f3n y otros requisitos para suscribir el convenio en materia de verificaci\u00f3n de datos de la credencial para votar. Sin embargo, no lo ha hecho&#8217;.<\/strong><\/p>\n<p>Un estudio de Reforma revel\u00f3 que el estudio elaborado por el INE sobre los\u00a0<strong>impactos de la nueva legislaci\u00f3n en torno a la nueva CURP alertaba que la Plataforma \u00danica de Identidad provocar\u00e1 riesgos de confidencialidad y seguridad para el padr\u00f3n electoral.<\/strong><\/p>\n<p>Seg\u00fan el reporte advierte que en la nueva legislaci\u00f3n aprobada por el Congreso el organismo electoral s\u00ed est\u00e1 obligado a proporcionar informaci\u00f3n confidencial de 100 millones de ciudadanos sin reglas ni<strong>\u00a0\u201cl\u00edmites\u201d\u00a0<\/strong>al Gobierno federal.<\/p>\n<p>Tambi\u00e9n reporta que la<strong>\u00a0CURP provocar\u00e1 el des\u00e1nimo ciudadano para tramitar la credencial, provocando una desactualizaci\u00f3n del padr\u00f3n electoral y, en consecuencia, menos participaci\u00f3n en elecciones.<\/strong>\u00a0Igualmente el\u00a0<strong>INE deber\u00e1 demandar al Gobierno definir alcances, salvaguardas y condiciones para tener acceso a su base de datos.<\/strong><\/p>\n<p>&nbsp;<\/p>\n<p>Fuente: Reforma<\/p>\n","protected":false},"excerpt":{"rendered":"<p>Las autoridades federales y consejeros\u00a0electorales se reunir\u00e1n en los pr\u00f3ximos d\u00edas para dialogar sobre el impacto de la CURP biom\u00e9trica en la credencial de elector y las obligaciones del INE\u00a0para entregar informaci\u00f3n del padr\u00f3n electoral. &#8216;Hubo ya contacto a trav\u00e9s de la presidencia del propio Consejo General con la Agencia de Transformaci\u00f3n Digital y otras [&hellip;]<\/p>\n","protected":false},"author":2,"featured_media":227736,"comment_status":"closed","ping_status":"closed","sticky":false,"template":"","format":"standard","meta":{"footnotes":""},"categories":[12870,12868],"tags":[12865,12879],"class_list":["post-227735","post","type-post","status-publish","format-standard","has-post-thumbnail","hentry","category-destacadas","category-politica","tag-destacadas","tag-politica"],"jetpack_featured_media_url":"https:\/\/rnoticias.com.mx\/Portal\/wp-content\/uploads\/2025\/08\/diseo-sin-ttulo-2.jpg","amp_enabled":true,"_links":{"self":[{"href":"https:\/\/rnoticias.com.mx\/Portal\/wp-json\/wp\/v2\/posts\/227735","targetHints":{"allow":["GET"]}}],"collection":[{"href":"https:\/\/rnoticias.com.mx\/Portal\/wp-json\/wp\/v2\/posts"}],"about":[{"href":"https:\/\/rnoticias.com.mx\/Portal\/wp-json\/wp\/v2\/types\/post"}],"author":[{"embeddable":true,"href":"https:\/\/rnoticias.com.mx\/Portal\/wp-json\/wp\/v2\/users\/2"}],"replies":[{"embeddable":true,"href":"https:\/\/rnoticias.com.mx\/Portal\/wp-json\/wp\/v2\/comments?post=227735"}],"version-history":[{"count":1,"href":"https:\/\/rnoticias.com.mx\/Portal\/wp-json\/wp\/v2\/posts\/227735\/revisions"}],"predecessor-version":[{"id":227737,"href":"https:\/\/rnoticias.com.mx\/Portal\/wp-json\/wp\/v2\/posts\/227735\/revisions\/227737"}],"wp:featuredmedia":[{"embeddable":true,"href":"https:\/\/rnoticias.com.mx\/Portal\/wp-json\/wp\/v2\/media\/227736"}],"wp:attachment":[{"href":"https:\/\/rnoticias.com.mx\/Portal\/wp-json\/wp\/v2\/media?parent=227735"}],"wp:term":[{"taxonomy":"category","embeddable":true,"href":"https:\/\/rnoticias.com.mx\/Portal\/wp-json\/wp\/v2\/categories?post=227735"},{"taxonomy":"post_tag","embeddable":true,"href":"https:\/\/rnoticias.com.mx\/Portal\/wp-json\/wp\/v2\/tags?post=227735"}],"curies":[{"name":"wp","href":"https:\/\/api.w.org\/{rel}","templated":true}]}}